{"id":4010,"date":"2018-06-14T12:21:11","date_gmt":"2018-06-14T10:21:11","guid":{"rendered":"https:\/\/www.editionkeiper.at\/shop\/?p=4010"},"modified":"2021-02-08T22:57:48","modified_gmt":"2021-02-08T21:57:48","slug":"kury-astrid","status":"publish","type":"post","link":"https:\/\/www.editionkeiper.at\/shop\/kury-astrid\/","title":{"rendered":"Kury, Astrid"},"content":{"rendered":"<p>Astrid Kury, Studium der Rechtswissenschaften in Wien und Graz, seit 2005 Gesch\u00e4ftsf\u00fchrerin, seit 2006 Pr\u00e4sidentin der Akademie Graz, mit Schwerpunkt auf Kultur- und Wissensvermittlung in den Bereichen Mehrspachigkeit, Antiziganismus und Inklusion von Menschen mit intellektueller Beeintr\u00e4chtigung.<\/p>\n<p>Foto: \u00a9 Archiv Astrid Kury<\/p>\n","protected":false},"excerpt":{"rendered":"<p>Astrid Kury, Studium der Rechtswissenschaften in Wien und Graz, seit 2005 Gesch\u00e4ftsf\u00fchrerin, seit 2006 Pr\u00e4sidentin der Akademie Graz, mit Schwerpunkt auf Kultur- und Wissensvermittlung in&#8230;<\/p>\n","protected":false},"author":4,"featured_media":4011,"comment_status":"closed","ping_status":"closed","sticky":false,"template":"","format":"standard","meta":{"footnotes":""},"categories":[62],"tags":[],"yst_prominent_words":[3185],"class_list":["post-4010","post","type-post","status-publish","format-standard","has-post-thumbnail","hentry","category-autorinnen-portraits"],"_links":{"self":[{"href":"https:\/\/www.editionkeiper.at\/shop\/wp-json\/wp\/v2\/posts\/4010","targetHints":{"allow":["GET"]}}],"collection":[{"href":"https:\/\/www.editionkeiper.at\/shop\/wp-json\/wp\/v2\/posts"}],"about":[{"href":"https:\/\/www.editionkeiper.at\/shop\/wp-json\/wp\/v2\/types\/post"}],"author":[{"embeddable":true,"href":"https:\/\/www.editionkeiper.at\/shop\/wp-json\/wp\/v2\/users\/4"}],"replies":[{"embeddable":true,"href":"https:\/\/www.editionkeiper.at\/shop\/wp-json\/wp\/v2\/comments?post=4010"}],"version-history":[{"count":0,"href":"https:\/\/www.editionkeiper.at\/shop\/wp-json\/wp\/v2\/posts\/4010\/revisions"}],"wp:featuredmedia":[{"embeddable":true,"href":"https:\/\/www.editionkeiper.at\/shop\/wp-json\/wp\/v2\/media\/4011"}],"wp:attachment":[{"href":"https:\/\/www.editionkeiper.at\/shop\/wp-json\/wp\/v2\/media?parent=4010"}],"wp:term":[{"taxonomy":"category","embeddable":true,"href":"https:\/\/www.editionkeiper.at\/shop\/wp-json\/wp\/v2\/categories?post=4010"},{"taxonomy":"post_tag","embeddable":true,"href":"https:\/\/www.editionkeiper.at\/shop\/wp-json\/wp\/v2\/tags?post=4010"},{"taxonomy":"yst_prominent_words","embeddable":true,"href":"https:\/\/www.editionkeiper.at\/shop\/wp-json\/wp\/v2\/yst_prominent_words?post=4010"}],"curies":[{"name":"wp","href":"https:\/\/api.w.org\/{rel}","templated":true}]}}