{"id":3568,"date":"2018-04-25T11:19:38","date_gmt":"2018-04-25T09:19:38","guid":{"rendered":"https:\/\/www.editionkeiper.at\/shop\/?p=3568"},"modified":"2018-05-08T13:41:08","modified_gmt":"2018-05-08T11:41:08","slug":"jubilaeumslesemarathon_nachlese","status":"publish","type":"post","link":"https:\/\/www.editionkeiper.at\/shop\/jubilaeumslesemarathon_nachlese\/","title":{"rendered":"10 Jahre edition keiper &#8211; ein fulminanter Jubil\u00e4umslesemarathon!"},"content":{"rendered":"<h3>Die edition keiper feierte Geburtstag,<br \/>\n feierte die B\u00fccher, das Lesen, die Leser\/innen &#8230;<\/h3>\n<p>200 B\u00fccher mit \u00fcber 36.000 Buchseiten wurden in den letzten zehn Jahren im steirischen Verlag edition keiper ver\u00f6ffentlicht. Bei der Geburtstagsfeier vom 20. bis 21. April 2018 nahmen Autorinnen und Autoren, Kooperationspartner des Verlages sowie Leserinnen und Leser diese B\u00fccher zur Hand und lasen 25 Stunden lang, im 20-Minutentakt, ohne Unterbrechung daraus.<\/p>\n<p>Er\u00f6ffnet wurde der Lesemarathon von Kulturstadtrat G\u00fcnter Riegler. Danach gab es einen <a href=\"https:\/\/www.editionkeiper.at\/shop\/wp-content\/uploads\/2018\/05\/Lesensangelegenheiten_Festvortrag.pdf\" target=\"_blank\" rel=\"noopener\">Festvortrag von Literaturwissenschafter Hugo Keiper<\/a> (Titel des Vortrags: &#8222;Lesensangelegenheiten oder Reading Matters&#8220;). Den Abschluss der Veranstaltung bildete eine<strong> Literarische Klangwolke<\/strong>, bei der alle G\u00e4ste gleichzeitig aus einem der 200 Keipertitel lasen. Im Anschluss hie\u00df es dann Party, Party, Party!<\/p>\n<p>Wir danken allen Lesenden, allen G\u00e4sten, allen, die mit uns gefeiert haben! Es war ein wundersch\u00f6nes und stimmungsvolles Fest, bei dem das Buch, das Lesen und die Leser\/innen und nicht zuletzt der Keiper-Verlag geb\u00fchrend gefeiert wurden.<\/p>\n<h4>Bildergalerien<\/h4>\n<p><strong>Er\u00f6ffnung und Lesungen:<\/strong><\/p>\n\n\t\t<style type=\"text\/css\">\n\t\t\t#gallery-1 {\n\t\t\t\tmargin: auto;\n\t\t\t}\n\t\t\t#gallery-1 .gallery-item {\n\t\t\t\tfloat: left;\n\t\t\t\tmargin-top: 10px;\n\t\t\t\ttext-align: center;\n\t\t\t\twidth: 25%;\n\t\t\t}\n\t\t\t#gallery-1 img {\n\t\t\t\tborder: 2px solid #cfcfcf;\n\t\t\t}\n\t\t\t#gallery-1 .gallery-caption {\n\t\t\t\tmargin-left: 0;\n\t\t\t}\n\t\t\t\/* see gallery_shortcode() in wp-includes\/media.php *\/\n\t\t<\/style>\n\t\t<div id='gallery-1' class='gallery galleryid-3568 gallery-columns-4 gallery-size-thumbnail'><dl class='gallery-item'>\n\t\t\t<dt class='gallery-icon landscape'>\n\t\t\t\t<a href='https:\/\/www.editionkeiper.at\/shop\/wp-content\/uploads\/2018\/04\/Verlag_Keiper_25_StundenLesung_Literatur_Graz_Foto_Ulrike_Rauch_01.jpg'><img loading=\"lazy\" loading=\"lazy\" decoding=\"async\" width=\"150\" height=\"150\" src=\"https:\/\/www.editionkeiper.at\/shop\/wp-content\/uploads\/xstore\/xstore-placeholder-10x10.png\" class=\"attachment-thumbnail size-thumbnail lazyload lazyload-simple et-lazyload-fadeIn\" alt=\"\" sizes=\"auto, (max-width: 150px) 100vw, 150px\" data-src=\"https:\/\/www.editionkeiper.at\/shop\/wp-content\/uploads\/2018\/04\/Verlag_Keiper_25_StundenLesung_Literatur_Graz_Foto_Ulrike_Rauch_01-150x150.jpg\" data-srcset=\"https:\/\/www.editionkeiper.at\/shop\/wp-content\/uploads\/2018\/04\/Verlag_Keiper_25_StundenLesung_Literatur_Graz_Foto_Ulrike_Rauch_01-150x150.jpg 150w, https:\/\/www.editionkeiper.at\/shop\/wp-content\/uploads\/2018\/04\/Verlag_Keiper_25_StundenLesung_Literatur_Graz_Foto_Ulrike_Rauch_01-100x100.jpg 100w, https:\/\/www.editionkeiper.at\/shop\/wp-content\/uploads\/2018\/04\/Verlag_Keiper_25_StundenLesung_Literatur_Graz_Foto_Ulrike_Rauch_01-120x120.jpg 120w\" \/><\/a>\n\t\t\t<\/dt><\/dl><dl class='gallery-item'>\n\t\t\t<dt class='gallery-icon landscape'>\n\t\t\t\t<a href='https:\/\/www.editionkeiper.at\/shop\/wp-content\/uploads\/2018\/04\/Verlag_Keiper_25_StundenLesung_Literatur_Graz_Foto_Ulrike_Rauch_02.jpg'><img loading=\"lazy\" loading=\"lazy\" decoding=\"async\" width=\"150\" height=\"150\" src=\"https:\/\/www.editionkeiper.at\/shop\/wp-content\/uploads\/xstore\/xstore-placeholder-10x10.png\" class=\"attachment-thumbnail size-thumbnail lazyload lazyload-simple et-lazyload-fadeIn\" alt=\"\" sizes=\"auto, (max-width: 150px) 100vw, 150px\" data-src=\"https:\/\/www.editionkeiper.at\/shop\/wp-content\/uploads\/2018\/04\/Verlag_Keiper_25_StundenLesung_Literatur_Graz_Foto_Ulrike_Rauch_02-150x150.jpg\" data-srcset=\"https:\/\/www.editionkeiper.at\/shop\/wp-content\/uploads\/2018\/04\/Verlag_Keiper_25_StundenLesung_Literatur_Graz_Foto_Ulrike_Rauch_02-150x150.jpg 150w, https:\/\/www.editionkeiper.at\/shop\/wp-content\/uploads\/2018\/04\/Verlag_Keiper_25_StundenLesung_Literatur_Graz_Foto_Ulrike_Rauch_02-100x100.jpg 100w, https:\/\/www.editionkeiper.at\/shop\/wp-content\/uploads\/2018\/04\/Verlag_Keiper_25_StundenLesung_Literatur_Graz_Foto_Ulrike_Rauch_02-120x120.jpg 120w\" \/><\/a>\n\t\t\t<\/dt><\/dl><dl class='gallery-item'>\n\t\t\t<dt class='gallery-icon landscape'>\n\t\t\t\t<a href='https:\/\/www.editionkeiper.at\/shop\/wp-content\/uploads\/2018\/04\/Verlag_Keiper_25_StundenLesung_Literatur_Graz_Foto_Ulrike_Rauch_03.jpg'><img loading=\"lazy\" loading=\"lazy\" decoding=\"async\" width=\"150\" height=\"150\" src=\"https:\/\/www.editionkeiper.at\/shop\/wp-content\/uploads\/xstore\/xstore-placeholder-10x10.png\" class=\"attachment-thumbnail size-thumbnail lazyload lazyload-simple et-lazyload-fadeIn\" alt=\"\" sizes=\"auto, (max-width: 150px) 100vw, 150px\" data-src=\"https:\/\/www.editionkeiper.at\/shop\/wp-content\/uploads\/2018\/04\/Verlag_Keiper_25_StundenLesung_Literatur_Graz_Foto_Ulrike_Rauch_03-150x150.jpg\" data-srcset=\"https:\/\/www.editionkeiper.at\/shop\/wp-content\/uploads\/2018\/04\/Verlag_Keiper_25_StundenLesung_Literatur_Graz_Foto_Ulrike_Rauch_03-150x150.jpg 150w, https:\/\/www.editionkeiper.at\/shop\/wp-content\/uploads\/2018\/04\/Verlag_Keiper_25_StundenLesung_Literatur_Graz_Foto_Ulrike_Rauch_03-100x100.jpg 100w, https:\/\/www.editionkeiper.at\/shop\/wp-content\/uploads\/2018\/04\/Verlag_Keiper_25_StundenLesung_Literatur_Graz_Foto_Ulrike_Rauch_03-120x120.jpg 120w\" \/><\/a>\n\t\t\t<\/dt><\/dl><dl class='gallery-item'>\n\t\t\t<dt class='gallery-icon landscape'>\n\t\t\t\t<a href='https:\/\/www.editionkeiper.at\/shop\/wp-content\/uploads\/2018\/04\/Verlag_Keiper_25_StundenLesung_Literatur_Graz_Foto_Ulrike_Rauch_04.jpg'><img loading=\"lazy\" loading=\"lazy\" decoding=\"async\" width=\"150\" height=\"150\" src=\"https:\/\/www.editionkeiper.at\/shop\/wp-content\/uploads\/xstore\/xstore-placeholder-10x10.png\" class=\"attachment-thumbnail size-thumbnail lazyload lazyload-simple et-lazyload-fadeIn\" alt=\"\" sizes=\"auto, (max-width: 150px) 100vw, 150px\" data-src=\"https:\/\/www.editionkeiper.at\/shop\/wp-content\/uploads\/2018\/04\/Verlag_Keiper_25_StundenLesung_Literatur_Graz_Foto_Ulrike_Rauch_04-150x150.jpg\" data-srcset=\"https:\/\/www.editionkeiper.at\/shop\/wp-content\/uploads\/2018\/04\/Verlag_Keiper_25_StundenLesung_Literatur_Graz_Foto_Ulrike_Rauch_04-150x150.jpg 150w, https:\/\/www.editionkeiper.at\/shop\/wp-content\/uploads\/2018\/04\/Verlag_Keiper_25_StundenLesung_Literatur_Graz_Foto_Ulrike_Rauch_04-100x100.jpg 100w, https:\/\/www.editionkeiper.at\/shop\/wp-content\/uploads\/2018\/04\/Verlag_Keiper_25_StundenLesung_Literatur_Graz_Foto_Ulrike_Rauch_04-120x120.jpg 120w\" \/><\/a>\n\t\t\t<\/dt><\/dl><br style=\"clear: both\" \/><dl class='gallery-item'>\n\t\t\t<dt class='gallery-icon landscape'>\n\t\t\t\t<a href='https:\/\/www.editionkeiper.at\/shop\/wp-content\/uploads\/2018\/04\/Verlag_Keiper_25_StundenLesung_Literatur_Graz_Foto_Ulrike_Rauch_05.jpg'><img loading=\"lazy\" loading=\"lazy\" decoding=\"async\" width=\"150\" height=\"150\" src=\"https:\/\/www.editionkeiper.at\/shop\/wp-content\/uploads\/xstore\/xstore-placeholder-10x10.png\" class=\"attachment-thumbnail size-thumbnail lazyload lazyload-simple et-lazyload-fadeIn\" alt=\"\" sizes=\"auto, (max-width: 150px) 100vw, 150px\" data-src=\"https:\/\/www.editionkeiper.at\/shop\/wp-content\/uploads\/2018\/04\/Verlag_Keiper_25_StundenLesung_Literatur_Graz_Foto_Ulrike_Rauch_05-150x150.jpg\" data-srcset=\"https:\/\/www.editionkeiper.at\/shop\/wp-content\/uploads\/2018\/04\/Verlag_Keiper_25_StundenLesung_Literatur_Graz_Foto_Ulrike_Rauch_05-150x150.jpg 150w, https:\/\/www.editionkeiper.at\/shop\/wp-content\/uploads\/2018\/04\/Verlag_Keiper_25_StundenLesung_Literatur_Graz_Foto_Ulrike_Rauch_05-100x100.jpg 100w, https:\/\/www.editionkeiper.at\/shop\/wp-content\/uploads\/2018\/04\/Verlag_Keiper_25_StundenLesung_Literatur_Graz_Foto_Ulrike_Rauch_05-120x120.jpg 120w\" \/><\/a>\n\t\t\t<\/dt><\/dl><dl class='gallery-item'>\n\t\t\t<dt class='gallery-icon landscape'>\n\t\t\t\t<a href='https:\/\/www.editionkeiper.at\/shop\/wp-content\/uploads\/2018\/04\/Verlag_Keiper_25_StundenLesung_Literatur_Graz_Foto_Ulrike_Rauch_08.jpg'><img loading=\"lazy\" loading=\"lazy\" decoding=\"async\" width=\"150\" height=\"150\" src=\"https:\/\/www.editionkeiper.at\/shop\/wp-content\/uploads\/xstore\/xstore-placeholder-10x10.png\" class=\"attachment-thumbnail size-thumbnail lazyload lazyload-simple et-lazyload-fadeIn\" alt=\"\" sizes=\"auto, (max-width: 150px) 100vw, 150px\" data-src=\"https:\/\/www.editionkeiper.at\/shop\/wp-content\/uploads\/2018\/04\/Verlag_Keiper_25_StundenLesung_Literatur_Graz_Foto_Ulrike_Rauch_08-150x150.jpg\" data-srcset=\"https:\/\/www.editionkeiper.at\/shop\/wp-content\/uploads\/2018\/04\/Verlag_Keiper_25_StundenLesung_Literatur_Graz_Foto_Ulrike_Rauch_08-150x150.jpg 150w, https:\/\/www.editionkeiper.at\/shop\/wp-content\/uploads\/2018\/04\/Verlag_Keiper_25_StundenLesung_Literatur_Graz_Foto_Ulrike_Rauch_08-100x100.jpg 100w, https:\/\/www.editionkeiper.at\/shop\/wp-content\/uploads\/2018\/04\/Verlag_Keiper_25_StundenLesung_Literatur_Graz_Foto_Ulrike_Rauch_08-120x120.jpg 120w\" \/><\/a>\n\t\t\t<\/dt><\/dl><dl class='gallery-item'>\n\t\t\t<dt class='gallery-icon landscape'>\n\t\t\t\t<a href='https:\/\/www.editionkeiper.at\/shop\/wp-content\/uploads\/2018\/04\/Verlag_Keiper_25_StundenLesung_Literatur_Graz_Foto_Ulrike_Rauch_09.jpg'><img loading=\"lazy\" loading=\"lazy\" decoding=\"async\" width=\"150\" height=\"150\" src=\"https:\/\/www.editionkeiper.at\/shop\/wp-content\/uploads\/xstore\/xstore-placeholder-10x10.png\" class=\"attachment-thumbnail size-thumbnail lazyload lazyload-simple et-lazyload-fadeIn\" alt=\"\" sizes=\"auto, (max-width: 150px) 100vw, 150px\" data-src=\"https:\/\/www.editionkeiper.at\/shop\/wp-content\/uploads\/2018\/04\/Verlag_Keiper_25_StundenLesung_Literatur_Graz_Foto_Ulrike_Rauch_09-150x150.jpg\" data-srcset=\"https:\/\/www.editionkeiper.at\/shop\/wp-content\/uploads\/2018\/04\/Verlag_Keiper_25_StundenLesung_Literatur_Graz_Foto_Ulrike_Rauch_09-150x150.jpg 150w, https:\/\/www.editionkeiper.at\/shop\/wp-content\/uploads\/2018\/04\/Verlag_Keiper_25_StundenLesung_Literatur_Graz_Foto_Ulrike_Rauch_09-100x100.jpg 100w, https:\/\/www.editionkeiper.at\/shop\/wp-content\/uploads\/2018\/04\/Verlag_Keiper_25_StundenLesung_Literatur_Graz_Foto_Ulrike_Rauch_09-120x120.jpg 120w\" \/><\/a>\n\t\t\t<\/dt><\/dl><dl class='gallery-item'>\n\t\t\t<dt class='gallery-icon landscape'>\n\t\t\t\t<a href='https:\/\/www.editionkeiper.at\/shop\/wp-content\/uploads\/2018\/04\/Verlag_Keiper_25_StundenLesung_Literatur_Graz_Foto_Ulrike_Rauch_10.jpg'><img loading=\"lazy\" loading=\"lazy\" decoding=\"async\" width=\"150\" height=\"150\" src=\"https:\/\/www.editionkeiper.at\/shop\/wp-content\/uploads\/xstore\/xstore-placeholder-10x10.png\" class=\"attachment-thumbnail size-thumbnail lazyload lazyload-simple et-lazyload-fadeIn\" alt=\"\" sizes=\"auto, (max-width: 150px) 100vw, 150px\" data-src=\"https:\/\/www.editionkeiper.at\/shop\/wp-content\/uploads\/2018\/04\/Verlag_Keiper_25_StundenLesung_Literatur_Graz_Foto_Ulrike_Rauch_10-150x150.jpg\" data-srcset=\"https:\/\/www.editionkeiper.at\/shop\/wp-content\/uploads\/2018\/04\/Verlag_Keiper_25_StundenLesung_Literatur_Graz_Foto_Ulrike_Rauch_10-150x150.jpg 150w, https:\/\/www.editionkeiper.at\/shop\/wp-content\/uploads\/2018\/04\/Verlag_Keiper_25_StundenLesung_Literatur_Graz_Foto_Ulrike_Rauch_10-100x100.jpg 100w, https:\/\/www.editionkeiper.at\/shop\/wp-content\/uploads\/2018\/04\/Verlag_Keiper_25_StundenLesung_Literatur_Graz_Foto_Ulrike_Rauch_10-120x120.jpg 120w\" \/><\/a>\n\t\t\t<\/dt><\/dl><br style=\"clear: both\" \/><dl class='gallery-item'>\n\t\t\t<dt class='gallery-icon landscape'>\n\t\t\t\t<a href='https:\/\/www.editionkeiper.at\/shop\/wp-content\/uploads\/2018\/04\/Verlag_Keiper_25_StundenLesung_Literatur_Graz_Foto_Ulrike_Rauch_11.jpg'><img loading=\"lazy\" loading=\"lazy\" decoding=\"async\" width=\"150\" height=\"150\" src=\"https:\/\/www.editionkeiper.at\/shop\/wp-content\/uploads\/xstore\/xstore-placeholder-10x10.png\" class=\"attachment-thumbnail size-thumbnail lazyload lazyload-simple et-lazyload-fadeIn\" alt=\"\" sizes=\"auto, (max-width: 150px) 100vw, 150px\" data-src=\"https:\/\/www.editionkeiper.at\/shop\/wp-content\/uploads\/2018\/04\/Verlag_Keiper_25_StundenLesung_Literatur_Graz_Foto_Ulrike_Rauch_11-150x150.jpg\" data-srcset=\"https:\/\/www.editionkeiper.at\/shop\/wp-content\/uploads\/2018\/04\/Verlag_Keiper_25_StundenLesung_Literatur_Graz_Foto_Ulrike_Rauch_11-150x150.jpg 150w, https:\/\/www.editionkeiper.at\/shop\/wp-content\/uploads\/2018\/04\/Verlag_Keiper_25_StundenLesung_Literatur_Graz_Foto_Ulrike_Rauch_11-100x100.jpg 100w, https:\/\/www.editionkeiper.at\/shop\/wp-content\/uploads\/2018\/04\/Verlag_Keiper_25_StundenLesung_Literatur_Graz_Foto_Ulrike_Rauch_11-120x120.jpg 120w\" \/><\/a>\n\t\t\t<\/dt><\/dl><dl class='gallery-item'>\n\t\t\t<dt class='gallery-icon portrait'>\n\t\t\t\t<a href='https:\/\/www.editionkeiper.at\/shop\/wp-content\/uploads\/2018\/04\/Verlag_Keiper_25_StundenLesung_Literatur_Graz_Foto_Ulrike_Rauch_12.jpg'><img loading=\"lazy\" loading=\"lazy\" decoding=\"async\" width=\"150\" height=\"150\" src=\"https:\/\/www.editionkeiper.at\/shop\/wp-content\/uploads\/xstore\/xstore-placeholder-10x10.png\" class=\"attachment-thumbnail size-thumbnail lazyload lazyload-simple et-lazyload-fadeIn\" alt=\"\" sizes=\"auto, (max-width: 150px) 100vw, 150px\" data-src=\"https:\/\/www.editionkeiper.at\/shop\/wp-content\/uploads\/2018\/04\/Verlag_Keiper_25_StundenLesung_Literatur_Graz_Foto_Ulrike_Rauch_12-150x150.jpg\" data-srcset=\"https:\/\/www.editionkeiper.at\/shop\/wp-content\/uploads\/2018\/04\/Verlag_Keiper_25_StundenLesung_Literatur_Graz_Foto_Ulrike_Rauch_12-150x150.jpg 150w, https:\/\/www.editionkeiper.at\/shop\/wp-content\/uploads\/2018\/04\/Verlag_Keiper_25_StundenLesung_Literatur_Graz_Foto_Ulrike_Rauch_12-100x100.jpg 100w, https:\/\/www.editionkeiper.at\/shop\/wp-content\/uploads\/2018\/04\/Verlag_Keiper_25_StundenLesung_Literatur_Graz_Foto_Ulrike_Rauch_12-120x120.jpg 120w\" \/><\/a>\n\t\t\t<\/dt><\/dl><dl class='gallery-item'>\n\t\t\t<dt class='gallery-icon landscape'>\n\t\t\t\t<a href='https:\/\/www.editionkeiper.at\/shop\/wp-content\/uploads\/2018\/04\/Verlag_Keiper_25_StundenLesung_Literatur_Graz_Foto_Ulrike_Rauch_13.jpg'><img loading=\"lazy\" loading=\"lazy\" decoding=\"async\" width=\"150\" height=\"150\" src=\"https:\/\/www.editionkeiper.at\/shop\/wp-content\/uploads\/xstore\/xstore-placeholder-10x10.png\" class=\"attachment-thumbnail size-thumbnail lazyload lazyload-simple et-lazyload-fadeIn\" alt=\"\" sizes=\"auto, (max-width: 150px) 100vw, 150px\" data-src=\"https:\/\/www.editionkeiper.at\/shop\/wp-content\/uploads\/2018\/04\/Verlag_Keiper_25_StundenLesung_Literatur_Graz_Foto_Ulrike_Rauch_13-150x150.jpg\" data-srcset=\"https:\/\/www.editionkeiper.at\/shop\/wp-content\/uploads\/2018\/04\/Verlag_Keiper_25_StundenLesung_Literatur_Graz_Foto_Ulrike_Rauch_13-150x150.jpg 150w, https:\/\/www.editionkeiper.at\/shop\/wp-content\/uploads\/2018\/04\/Verlag_Keiper_25_StundenLesung_Literatur_Graz_Foto_Ulrike_Rauch_13-100x100.jpg 100w, https:\/\/www.editionkeiper.at\/shop\/wp-content\/uploads\/2018\/04\/Verlag_Keiper_25_StundenLesung_Literatur_Graz_Foto_Ulrike_Rauch_13-120x120.jpg 120w\" \/><\/a>\n\t\t\t<\/dt><\/dl><dl class='gallery-item'>\n\t\t\t<dt class='gallery-icon landscape'>\n\t\t\t\t<a href='https:\/\/www.editionkeiper.at\/shop\/wp-content\/uploads\/2018\/04\/Verlag_Keiper_25_StundenLesung_Literatur_Graz_Foto_Ulrike_Rauch_14.jpg'><img loading=\"lazy\" loading=\"lazy\" decoding=\"async\" width=\"150\" height=\"150\" src=\"https:\/\/www.editionkeiper.at\/shop\/wp-content\/uploads\/xstore\/xstore-placeholder-10x10.png\" class=\"attachment-thumbnail size-thumbnail lazyload lazyload-simple et-lazyload-fadeIn\" alt=\"\" sizes=\"auto, (max-width: 150px) 100vw, 150px\" data-src=\"https:\/\/www.editionkeiper.at\/shop\/wp-content\/uploads\/2018\/04\/Verlag_Keiper_25_StundenLesung_Literatur_Graz_Foto_Ulrike_Rauch_14-150x150.jpg\" data-srcset=\"https:\/\/www.editionkeiper.at\/shop\/wp-content\/uploads\/2018\/04\/Verlag_Keiper_25_StundenLesung_Literatur_Graz_Foto_Ulrike_Rauch_14-150x150.jpg 150w, https:\/\/www.editionkeiper.at\/shop\/wp-content\/uploads\/2018\/04\/Verlag_Keiper_25_StundenLesung_Literatur_Graz_Foto_Ulrike_Rauch_14-100x100.jpg 100w, https:\/\/www.editionkeiper.at\/shop\/wp-content\/uploads\/2018\/04\/Verlag_Keiper_25_StundenLesung_Literatur_Graz_Foto_Ulrike_Rauch_14-120x120.jpg 120w\" \/><\/a>\n\t\t\t<\/dt><\/dl><br style=\"clear: both\" \/><dl class='gallery-item'>\n\t\t\t<dt class='gallery-icon landscape'>\n\t\t\t\t<a href='https:\/\/www.editionkeiper.at\/shop\/wp-content\/uploads\/2018\/04\/Verlag_Keiper_25_StundenLesung_Literatur_Graz_Foto_Ulrike_Rauch_16.jpg'><img loading=\"lazy\" loading=\"lazy\" decoding=\"async\" width=\"150\" height=\"150\" src=\"https:\/\/www.editionkeiper.at\/shop\/wp-content\/uploads\/xstore\/xstore-placeholder-10x10.png\" class=\"attachment-thumbnail size-thumbnail lazyload lazyload-simple et-lazyload-fadeIn\" alt=\"\" sizes=\"auto, (max-width: 150px) 100vw, 150px\" data-src=\"https:\/\/www.editionkeiper.at\/shop\/wp-content\/uploads\/2018\/04\/Verlag_Keiper_25_StundenLesung_Literatur_Graz_Foto_Ulrike_Rauch_16-150x150.jpg\" data-srcset=\"https:\/\/www.editionkeiper.at\/shop\/wp-content\/uploads\/2018\/04\/Verlag_Keiper_25_StundenLesung_Literatur_Graz_Foto_Ulrike_Rauch_16-150x150.jpg 150w, https:\/\/www.editionkeiper.at\/shop\/wp-content\/uploads\/2018\/04\/Verlag_Keiper_25_StundenLesung_Literatur_Graz_Foto_Ulrike_Rauch_16-100x100.jpg 100w, https:\/\/www.editionkeiper.at\/shop\/wp-content\/uploads\/2018\/04\/Verlag_Keiper_25_StundenLesung_Literatur_Graz_Foto_Ulrike_Rauch_16-120x120.jpg 120w\" \/><\/a>\n\t\t\t<\/dt><\/dl><dl class='gallery-item'>\n\t\t\t<dt class='gallery-icon landscape'>\n\t\t\t\t<a href='https:\/\/www.editionkeiper.at\/shop\/wp-content\/uploads\/2018\/04\/Verlag_Keiper_25_StundenLesung_Literatur_Graz_Foto_Ulrike_Rauch_17.jpg'><img loading=\"lazy\" loading=\"lazy\" decoding=\"async\" width=\"150\" height=\"150\" src=\"https:\/\/www.editionkeiper.at\/shop\/wp-content\/uploads\/xstore\/xstore-placeholder-10x10.png\" class=\"attachment-thumbnail size-thumbnail lazyload lazyload-simple et-lazyload-fadeIn\" alt=\"\" sizes=\"auto, (max-width: 150px) 100vw, 150px\" data-src=\"https:\/\/www.editionkeiper.at\/shop\/wp-content\/uploads\/2018\/04\/Verlag_Keiper_25_StundenLesung_Literatur_Graz_Foto_Ulrike_Rauch_17-150x150.jpg\" data-srcset=\"https:\/\/www.editionkeiper.at\/shop\/wp-content\/uploads\/2018\/04\/Verlag_Keiper_25_StundenLesung_Literatur_Graz_Foto_Ulrike_Rauch_17-150x150.jpg 150w, https:\/\/www.editionkeiper.at\/shop\/wp-content\/uploads\/2018\/04\/Verlag_Keiper_25_StundenLesung_Literatur_Graz_Foto_Ulrike_Rauch_17-100x100.jpg 100w, https:\/\/www.editionkeiper.at\/shop\/wp-content\/uploads\/2018\/04\/Verlag_Keiper_25_StundenLesung_Literatur_Graz_Foto_Ulrike_Rauch_17-120x120.jpg 120w\" \/><\/a>\n\t\t\t<\/dt><\/dl><dl class='gallery-item'>\n\t\t\t<dt class='gallery-icon portrait'>\n\t\t\t\t<a href='https:\/\/www.editionkeiper.at\/shop\/wp-content\/uploads\/2018\/04\/Verlag_Keiper_25_StundenLesung_Literatur_Graz_Foto_Ulrike_Rauch_18.jpg'><img loading=\"lazy\" loading=\"lazy\" decoding=\"async\" width=\"150\" height=\"150\" src=\"https:\/\/www.editionkeiper.at\/shop\/wp-content\/uploads\/xstore\/xstore-placeholder-10x10.png\" class=\"attachment-thumbnail size-thumbnail lazyload lazyload-simple et-lazyload-fadeIn\" alt=\"\" sizes=\"auto, (max-width: 150px) 100vw, 150px\" data-src=\"https:\/\/www.editionkeiper.at\/shop\/wp-content\/uploads\/2018\/04\/Verlag_Keiper_25_StundenLesung_Literatur_Graz_Foto_Ulrike_Rauch_18-150x150.jpg\" data-srcset=\"https:\/\/www.editionkeiper.at\/shop\/wp-content\/uploads\/2018\/04\/Verlag_Keiper_25_StundenLesung_Literatur_Graz_Foto_Ulrike_Rauch_18-150x150.jpg 150w, https:\/\/www.editionkeiper.at\/shop\/wp-content\/uploads\/2018\/04\/Verlag_Keiper_25_StundenLesung_Literatur_Graz_Foto_Ulrike_Rauch_18-100x100.jpg 100w, https:\/\/www.editionkeiper.at\/shop\/wp-content\/uploads\/2018\/04\/Verlag_Keiper_25_StundenLesung_Literatur_Graz_Foto_Ulrike_Rauch_18-120x120.jpg 120w\" \/><\/a>\n\t\t\t<\/dt><\/dl><dl class='gallery-item'>\n\t\t\t<dt class='gallery-icon portrait'>\n\t\t\t\t<a href='https:\/\/www.editionkeiper.at\/shop\/wp-content\/uploads\/2018\/04\/Verlag_Keiper_25_StundenLesung_Literatur_Graz_Foto_Ulrike_Rauch_19.jpg'><img loading=\"lazy\" loading=\"lazy\" decoding=\"async\" width=\"150\" height=\"150\" src=\"https:\/\/www.editionkeiper.at\/shop\/wp-content\/uploads\/xstore\/xstore-placeholder-10x10.png\" class=\"attachment-thumbnail size-thumbnail lazyload lazyload-simple et-lazyload-fadeIn\" alt=\"\" sizes=\"auto, (max-width: 150px) 100vw, 150px\" data-src=\"https:\/\/www.editionkeiper.at\/shop\/wp-content\/uploads\/2018\/04\/Verlag_Keiper_25_StundenLesung_Literatur_Graz_Foto_Ulrike_Rauch_19-150x150.jpg\" data-srcset=\"https:\/\/www.editionkeiper.at\/shop\/wp-content\/uploads\/2018\/04\/Verlag_Keiper_25_StundenLesung_Literatur_Graz_Foto_Ulrike_Rauch_19-150x150.jpg 150w, https:\/\/www.editionkeiper.at\/shop\/wp-content\/uploads\/2018\/04\/Verlag_Keiper_25_StundenLesung_Literatur_Graz_Foto_Ulrike_Rauch_19-100x100.jpg 100w, https:\/\/www.editionkeiper.at\/shop\/wp-content\/uploads\/2018\/04\/Verlag_Keiper_25_StundenLesung_Literatur_Graz_Foto_Ulrike_Rauch_19-120x120.jpg 120w\" \/><\/a>\n\t\t\t<\/dt><\/dl><br style=\"clear: both\" \/><dl class='gallery-item'>\n\t\t\t<dt class='gallery-icon portrait'>\n\t\t\t\t<a href='https:\/\/www.editionkeiper.at\/shop\/wp-content\/uploads\/2018\/04\/Verlag_Keiper_25_StundenLesung_Literatur_Graz_Foto_Ulrike_Rauch_20.jpg'><img loading=\"lazy\" loading=\"lazy\" decoding=\"async\" width=\"150\" height=\"150\" src=\"https:\/\/www.editionkeiper.at\/shop\/wp-content\/uploads\/xstore\/xstore-placeholder-10x10.png\" class=\"attachment-thumbnail size-thumbnail lazyload lazyload-simple et-lazyload-fadeIn\" alt=\"\" sizes=\"auto, (max-width: 150px) 100vw, 150px\" data-src=\"https:\/\/www.editionkeiper.at\/shop\/wp-content\/uploads\/2018\/04\/Verlag_Keiper_25_StundenLesung_Literatur_Graz_Foto_Ulrike_Rauch_20-150x150.jpg\" data-srcset=\"https:\/\/www.editionkeiper.at\/shop\/wp-content\/uploads\/2018\/04\/Verlag_Keiper_25_StundenLesung_Literatur_Graz_Foto_Ulrike_Rauch_20-150x150.jpg 150w, https:\/\/www.editionkeiper.at\/shop\/wp-content\/uploads\/2018\/04\/Verlag_Keiper_25_StundenLesung_Literatur_Graz_Foto_Ulrike_Rauch_20-100x100.jpg 100w, https:\/\/www.editionkeiper.at\/shop\/wp-content\/uploads\/2018\/04\/Verlag_Keiper_25_StundenLesung_Literatur_Graz_Foto_Ulrike_Rauch_20-120x120.jpg 120w\" \/><\/a>\n\t\t\t<\/dt><\/dl><dl class='gallery-item'>\n\t\t\t<dt class='gallery-icon portrait'>\n\t\t\t\t<a href='https:\/\/www.editionkeiper.at\/shop\/wp-content\/uploads\/2018\/04\/Verlag_Keiper_25_StundenLesung_Literatur_Graz_Foto_Ulrike_Rauch_22.jpg'><img loading=\"lazy\" loading=\"lazy\" decoding=\"async\" width=\"150\" height=\"150\" src=\"https:\/\/www.editionkeiper.at\/shop\/wp-content\/uploads\/xstore\/xstore-placeholder-10x10.png\" class=\"attachment-thumbnail size-thumbnail lazyload lazyload-simple et-lazyload-fadeIn\" alt=\"\" sizes=\"auto, (max-width: 150px) 100vw, 150px\" data-src=\"https:\/\/www.editionkeiper.at\/shop\/wp-content\/uploads\/2018\/04\/Verlag_Keiper_25_StundenLesung_Literatur_Graz_Foto_Ulrike_Rauch_22-150x150.jpg\" data-srcset=\"https:\/\/www.editionkeiper.at\/shop\/wp-content\/uploads\/2018\/04\/Verlag_Keiper_25_StundenLesung_Literatur_Graz_Foto_Ulrike_Rauch_22-150x150.jpg 150w, https:\/\/www.editionkeiper.at\/shop\/wp-content\/uploads\/2018\/04\/Verlag_Keiper_25_StundenLesung_Literatur_Graz_Foto_Ulrike_Rauch_22-100x100.jpg 100w, https:\/\/www.editionkeiper.at\/shop\/wp-content\/uploads\/2018\/04\/Verlag_Keiper_25_StundenLesung_Literatur_Graz_Foto_Ulrike_Rauch_22-120x120.jpg 120w\" \/><\/a>\n\t\t\t<\/dt><\/dl><dl class='gallery-item'>\n\t\t\t<dt class='gallery-icon portrait'>\n\t\t\t\t<a href='https:\/\/www.editionkeiper.at\/shop\/wp-content\/uploads\/2018\/04\/Verlag_Keiper_25_StundenLesung_Literatur_Graz_Foto_Ulrike_Rauch_24.jpg'><img loading=\"lazy\" loading=\"lazy\" decoding=\"async\" width=\"150\" height=\"150\" src=\"https:\/\/www.editionkeiper.at\/shop\/wp-content\/uploads\/xstore\/xstore-placeholder-10x10.png\" class=\"attachment-thumbnail size-thumbnail lazyload lazyload-simple et-lazyload-fadeIn\" alt=\"\" sizes=\"auto, (max-width: 150px) 100vw, 150px\" data-src=\"https:\/\/www.editionkeiper.at\/shop\/wp-content\/uploads\/2018\/04\/Verlag_Keiper_25_StundenLesung_Literatur_Graz_Foto_Ulrike_Rauch_24-150x150.jpg\" data-srcset=\"https:\/\/www.editionkeiper.at\/shop\/wp-content\/uploads\/2018\/04\/Verlag_Keiper_25_StundenLesung_Literatur_Graz_Foto_Ulrike_Rauch_24-150x150.jpg 150w, https:\/\/www.editionkeiper.at\/shop\/wp-content\/uploads\/2018\/04\/Verlag_Keiper_25_StundenLesung_Literatur_Graz_Foto_Ulrike_Rauch_24-100x100.jpg 100w, https:\/\/www.editionkeiper.at\/shop\/wp-content\/uploads\/2018\/04\/Verlag_Keiper_25_StundenLesung_Literatur_Graz_Foto_Ulrike_Rauch_24-120x120.jpg 120w\" \/><\/a>\n\t\t\t<\/dt><\/dl><dl class='gallery-item'>\n\t\t\t<dt class='gallery-icon landscape'>\n\t\t\t\t<a href='https:\/\/www.editionkeiper.at\/shop\/wp-content\/uploads\/2018\/04\/Verlag_Keiper_25_StundenLesung_Literatur_Graz_Foto_Ulrike_Rauch_25.jpg'><img loading=\"lazy\" loading=\"lazy\" decoding=\"async\" width=\"150\" height=\"150\" src=\"https:\/\/www.editionkeiper.at\/shop\/wp-content\/uploads\/xstore\/xstore-placeholder-10x10.png\" class=\"attachment-thumbnail size-thumbnail lazyload lazyload-simple et-lazyload-fadeIn\" alt=\"\" sizes=\"auto, (max-width: 150px) 100vw, 150px\" data-src=\"https:\/\/www.editionkeiper.at\/shop\/wp-content\/uploads\/2018\/04\/Verlag_Keiper_25_StundenLesung_Literatur_Graz_Foto_Ulrike_Rauch_25-150x150.jpg\" data-srcset=\"https:\/\/www.editionkeiper.at\/shop\/wp-content\/uploads\/2018\/04\/Verlag_Keiper_25_StundenLesung_Literatur_Graz_Foto_Ulrike_Rauch_25-150x150.jpg 150w, https:\/\/www.editionkeiper.at\/shop\/wp-content\/uploads\/2018\/04\/Verlag_Keiper_25_StundenLesung_Literatur_Graz_Foto_Ulrike_Rauch_25-100x100.jpg 100w, https:\/\/www.editionkeiper.at\/shop\/wp-content\/uploads\/2018\/04\/Verlag_Keiper_25_StundenLesung_Literatur_Graz_Foto_Ulrike_Rauch_25-120x120.jpg 120w\" \/><\/a>\n\t\t\t<\/dt><\/dl><br style=\"clear: both\" \/><dl class='gallery-item'>\n\t\t\t<dt class='gallery-icon landscape'>\n\t\t\t\t<a href='https:\/\/www.editionkeiper.at\/shop\/wp-content\/uploads\/2018\/04\/Verlag_Keiper_25_StundenLesung_Literatur_Graz_Foto_Ulrike_Rauch_26.jpg'><img loading=\"lazy\" loading=\"lazy\" decoding=\"async\" width=\"150\" height=\"150\" src=\"https:\/\/www.editionkeiper.at\/shop\/wp-content\/uploads\/xstore\/xstore-placeholder-10x10.png\" class=\"attachment-thumbnail size-thumbnail lazyload lazyload-simple et-lazyload-fadeIn\" alt=\"\" sizes=\"auto, (max-width: 150px) 100vw, 150px\" data-src=\"https:\/\/www.editionkeiper.at\/shop\/wp-content\/uploads\/2018\/04\/Verlag_Keiper_25_StundenLesung_Literatur_Graz_Foto_Ulrike_Rauch_26-150x150.jpg\" data-srcset=\"https:\/\/www.editionkeiper.at\/shop\/wp-content\/uploads\/2018\/04\/Verlag_Keiper_25_StundenLesung_Literatur_Graz_Foto_Ulrike_Rauch_26-150x150.jpg 150w, https:\/\/www.editionkeiper.at\/shop\/wp-content\/uploads\/2018\/04\/Verlag_Keiper_25_StundenLesung_Literatur_Graz_Foto_Ulrike_Rauch_26-100x100.jpg 100w, https:\/\/www.editionkeiper.at\/shop\/wp-content\/uploads\/2018\/04\/Verlag_Keiper_25_StundenLesung_Literatur_Graz_Foto_Ulrike_Rauch_26-120x120.jpg 120w\" \/><\/a>\n\t\t\t<\/dt><\/dl><dl class='gallery-item'>\n\t\t\t<dt class='gallery-icon portrait'>\n\t\t\t\t<a href='https:\/\/www.editionkeiper.at\/shop\/wp-content\/uploads\/2018\/04\/Verlag_Keiper_25_StundenLesung_Literatur_Graz_Foto_Ulrike_Rauch_27.jpg'><img loading=\"lazy\" loading=\"lazy\" decoding=\"async\" width=\"150\" height=\"150\" src=\"https:\/\/www.editionkeiper.at\/shop\/wp-content\/uploads\/xstore\/xstore-placeholder-10x10.png\" class=\"attachment-thumbnail size-thumbnail lazyload lazyload-simple et-lazyload-fadeIn\" alt=\"\" sizes=\"auto, (max-width: 150px) 100vw, 150px\" data-src=\"https:\/\/www.editionkeiper.at\/shop\/wp-content\/uploads\/2018\/04\/Verlag_Keiper_25_StundenLesung_Literatur_Graz_Foto_Ulrike_Rauch_27-150x150.jpg\" data-srcset=\"https:\/\/www.editionkeiper.at\/shop\/wp-content\/uploads\/2018\/04\/Verlag_Keiper_25_StundenLesung_Literatur_Graz_Foto_Ulrike_Rauch_27-150x150.jpg 150w, https:\/\/www.editionkeiper.at\/shop\/wp-content\/uploads\/2018\/04\/Verlag_Keiper_25_StundenLesung_Literatur_Graz_Foto_Ulrike_Rauch_27-100x100.jpg 100w, https:\/\/www.editionkeiper.at\/shop\/wp-content\/uploads\/2018\/04\/Verlag_Keiper_25_StundenLesung_Literatur_Graz_Foto_Ulrike_Rauch_27-120x120.jpg 120w\" \/><\/a>\n\t\t\t<\/dt><\/dl><dl class='gallery-item'>\n\t\t\t<dt class='gallery-icon landscape'>\n\t\t\t\t<a href='https:\/\/www.editionkeiper.at\/shop\/wp-content\/uploads\/2018\/04\/Verlag_Keiper_25_StundenLesung_Literatur_Graz_Foto_Ulrike_Rauch_28.jpg'><img loading=\"lazy\" loading=\"lazy\" decoding=\"async\" width=\"150\" height=\"150\" src=\"https:\/\/www.editionkeiper.at\/shop\/wp-content\/uploads\/xstore\/xstore-placeholder-10x10.png\" class=\"attachment-thumbnail size-thumbnail lazyload lazyload-simple et-lazyload-fadeIn\" alt=\"\" sizes=\"auto, (max-width: 150px) 100vw, 150px\" data-src=\"https:\/\/www.editionkeiper.at\/shop\/wp-content\/uploads\/2018\/04\/Verlag_Keiper_25_StundenLesung_Literatur_Graz_Foto_Ulrike_Rauch_28-150x150.jpg\" data-srcset=\"https:\/\/www.editionkeiper.at\/shop\/wp-content\/uploads\/2018\/04\/Verlag_Keiper_25_StundenLesung_Literatur_Graz_Foto_Ulrike_Rauch_28-150x150.jpg 150w, https:\/\/www.editionkeiper.at\/shop\/wp-content\/uploads\/2018\/04\/Verlag_Keiper_25_StundenLesung_Literatur_Graz_Foto_Ulrike_Rauch_28-100x100.jpg 100w, https:\/\/www.editionkeiper.at\/shop\/wp-content\/uploads\/2018\/04\/Verlag_Keiper_25_StundenLesung_Literatur_Graz_Foto_Ulrike_Rauch_28-120x120.jpg 120w\" \/><\/a>\n\t\t\t<\/dt><\/dl><dl class='gallery-item'>\n\t\t\t<dt class='gallery-icon landscape'>\n\t\t\t\t<a href='https:\/\/www.editionkeiper.at\/shop\/wp-content\/uploads\/2018\/04\/Verlag_Keiper_25_StundenLesung_Literatur_Graz_Foto_Ulrike_Rauch_29.jpg'><img loading=\"lazy\" loading=\"lazy\" decoding=\"async\" width=\"150\" height=\"150\" src=\"https:\/\/www.editionkeiper.at\/shop\/wp-content\/uploads\/xstore\/xstore-placeholder-10x10.png\" class=\"attachment-thumbnail size-thumbnail lazyload lazyload-simple et-lazyload-fadeIn\" alt=\"\" sizes=\"auto, (max-width: 150px) 100vw, 150px\" data-src=\"https:\/\/www.editionkeiper.at\/shop\/wp-content\/uploads\/2018\/04\/Verlag_Keiper_25_StundenLesung_Literatur_Graz_Foto_Ulrike_Rauch_29-150x150.jpg\" data-srcset=\"https:\/\/www.editionkeiper.at\/shop\/wp-content\/uploads\/2018\/04\/Verlag_Keiper_25_StundenLesung_Literatur_Graz_Foto_Ulrike_Rauch_29-150x150.jpg 150w, https:\/\/www.editionkeiper.at\/shop\/wp-content\/uploads\/2018\/04\/Verlag_Keiper_25_StundenLesung_Literatur_Graz_Foto_Ulrike_Rauch_29-100x100.jpg 100w, https:\/\/www.editionkeiper.at\/shop\/wp-content\/uploads\/2018\/04\/Verlag_Keiper_25_StundenLesung_Literatur_Graz_Foto_Ulrike_Rauch_29-120x120.jpg 120w\" \/><\/a>\n\t\t\t<\/dt><\/dl><br style=\"clear: both\" \/><dl class='gallery-item'>\n\t\t\t<dt class='gallery-icon landscape'>\n\t\t\t\t<a href='https:\/\/www.editionkeiper.at\/shop\/wp-content\/uploads\/2018\/04\/Verlag_Keiper_25_StundenLesung_Literatur_Graz_Foto_Ulrike_Rauch_31.jpg'><img loading=\"lazy\" loading=\"lazy\" decoding=\"async\" width=\"150\" height=\"150\" src=\"https:\/\/www.editionkeiper.at\/shop\/wp-content\/uploads\/xstore\/xstore-placeholder-10x10.png\" class=\"attachment-thumbnail size-thumbnail lazyload lazyload-simple et-lazyload-fadeIn\" alt=\"\" sizes=\"auto, (max-width: 150px) 100vw, 150px\" data-src=\"https:\/\/www.editionkeiper.at\/shop\/wp-content\/uploads\/2018\/04\/Verlag_Keiper_25_StundenLesung_Literatur_Graz_Foto_Ulrike_Rauch_31-150x150.jpg\" data-srcset=\"https:\/\/www.editionkeiper.at\/shop\/wp-content\/uploads\/2018\/04\/Verlag_Keiper_25_StundenLesung_Literatur_Graz_Foto_Ulrike_Rauch_31-150x150.jpg 150w, https:\/\/www.editionkeiper.at\/shop\/wp-content\/uploads\/2018\/04\/Verlag_Keiper_25_StundenLesung_Literatur_Graz_Foto_Ulrike_Rauch_31-100x100.jpg 100w, https:\/\/www.editionkeiper.at\/shop\/wp-content\/uploads\/2018\/04\/Verlag_Keiper_25_StundenLesung_Literatur_Graz_Foto_Ulrike_Rauch_31-120x120.jpg 120w\" \/><\/a>\n\t\t\t<\/dt><\/dl><dl class='gallery-item'>\n\t\t\t<dt class='gallery-icon landscape'>\n\t\t\t\t<a href='https:\/\/www.editionkeiper.at\/shop\/wp-content\/uploads\/2018\/04\/Verlag_Keiper_25_StundenLesung_Literatur_Graz_Foto_Ulrike_Rauch_32.jpg'><img loading=\"lazy\" loading=\"lazy\" decoding=\"async\" width=\"150\" height=\"150\" src=\"https:\/\/www.editionkeiper.at\/shop\/wp-content\/uploads\/xstore\/xstore-placeholder-10x10.png\" class=\"attachment-thumbnail size-thumbnail lazyload lazyload-simple et-lazyload-fadeIn\" alt=\"\" sizes=\"auto, (max-width: 150px) 100vw, 150px\" data-src=\"https:\/\/www.editionkeiper.at\/shop\/wp-content\/uploads\/2018\/04\/Verlag_Keiper_25_StundenLesung_Literatur_Graz_Foto_Ulrike_Rauch_32-150x150.jpg\" data-srcset=\"https:\/\/www.editionkeiper.at\/shop\/wp-content\/uploads\/2018\/04\/Verlag_Keiper_25_StundenLesung_Literatur_Graz_Foto_Ulrike_Rauch_32-150x150.jpg 150w, https:\/\/www.editionkeiper.at\/shop\/wp-content\/uploads\/2018\/04\/Verlag_Keiper_25_StundenLesung_Literatur_Graz_Foto_Ulrike_Rauch_32-100x100.jpg 100w, https:\/\/www.editionkeiper.at\/shop\/wp-content\/uploads\/2018\/04\/Verlag_Keiper_25_StundenLesung_Literatur_Graz_Foto_Ulrike_Rauch_32-120x120.jpg 120w\" \/><\/a>\n\t\t\t<\/dt><\/dl><dl class='gallery-item'>\n\t\t\t<dt class='gallery-icon portrait'>\n\t\t\t\t<a href='https:\/\/www.editionkeiper.at\/shop\/wp-content\/uploads\/2018\/04\/Verlag_Keiper_25_StundenLesung_Literatur_Graz_Foto_Ulrike_Rauch_33.jpg'><img loading=\"lazy\" loading=\"lazy\" decoding=\"async\" width=\"150\" height=\"150\" src=\"https:\/\/www.editionkeiper.at\/shop\/wp-content\/uploads\/xstore\/xstore-placeholder-10x10.png\" class=\"attachment-thumbnail size-thumbnail lazyload lazyload-simple et-lazyload-fadeIn\" alt=\"\" sizes=\"auto, (max-width: 150px) 100vw, 150px\" data-src=\"https:\/\/www.editionkeiper.at\/shop\/wp-content\/uploads\/2018\/04\/Verlag_Keiper_25_StundenLesung_Literatur_Graz_Foto_Ulrike_Rauch_33-150x150.jpg\" data-srcset=\"https:\/\/www.editionkeiper.at\/shop\/wp-content\/uploads\/2018\/04\/Verlag_Keiper_25_StundenLesung_Literatur_Graz_Foto_Ulrike_Rauch_33-150x150.jpg 150w, https:\/\/www.editionkeiper.at\/shop\/wp-content\/uploads\/2018\/04\/Verlag_Keiper_25_StundenLesung_Literatur_Graz_Foto_Ulrike_Rauch_33-100x100.jpg 100w, https:\/\/www.editionkeiper.at\/shop\/wp-content\/uploads\/2018\/04\/Verlag_Keiper_25_StundenLesung_Literatur_Graz_Foto_Ulrike_Rauch_33-120x120.jpg 120w\" \/><\/a>\n\t\t\t<\/dt><\/dl><dl class='gallery-item'>\n\t\t\t<dt class='gallery-icon portrait'>\n\t\t\t\t<a href='https:\/\/www.editionkeiper.at\/shop\/wp-content\/uploads\/2018\/04\/Verlag_Keiper_25_StundenLesung_Literatur_Graz_Foto_Ulrike_Rauch_34.jpg'><img loading=\"lazy\" loading=\"lazy\" decoding=\"async\" width=\"150\" height=\"150\" src=\"https:\/\/www.editionkeiper.at\/shop\/wp-content\/uploads\/xstore\/xstore-placeholder-10x10.png\" class=\"attachment-thumbnail size-thumbnail lazyload lazyload-simple et-lazyload-fadeIn\" alt=\"\" sizes=\"auto, (max-width: 150px) 100vw, 150px\" data-src=\"https:\/\/www.editionkeiper.at\/shop\/wp-content\/uploads\/2018\/04\/Verlag_Keiper_25_StundenLesung_Literatur_Graz_Foto_Ulrike_Rauch_34-150x150.jpg\" data-srcset=\"https:\/\/www.editionkeiper.at\/shop\/wp-content\/uploads\/2018\/04\/Verlag_Keiper_25_StundenLesung_Literatur_Graz_Foto_Ulrike_Rauch_34-150x150.jpg 150w, https:\/\/www.editionkeiper.at\/shop\/wp-content\/uploads\/2018\/04\/Verlag_Keiper_25_StundenLesung_Literatur_Graz_Foto_Ulrike_Rauch_34-100x100.jpg 100w, https:\/\/www.editionkeiper.at\/shop\/wp-content\/uploads\/2018\/04\/Verlag_Keiper_25_StundenLesung_Literatur_Graz_Foto_Ulrike_Rauch_34-120x120.jpg 120w\" \/><\/a>\n\t\t\t<\/dt><\/dl><br style=\"clear: both\" \/><dl class='gallery-item'>\n\t\t\t<dt class='gallery-icon landscape'>\n\t\t\t\t<a href='https:\/\/www.editionkeiper.at\/shop\/wp-content\/uploads\/2018\/04\/Verlag_Keiper_25_StundenLesung_Literatur_Graz_Foto_Ulrike_Rauch_35.jpg'><img loading=\"lazy\" loading=\"lazy\" decoding=\"async\" width=\"150\" height=\"150\" src=\"https:\/\/www.editionkeiper.at\/shop\/wp-content\/uploads\/xstore\/xstore-placeholder-10x10.png\" class=\"attachment-thumbnail size-thumbnail lazyload lazyload-simple et-lazyload-fadeIn\" alt=\"\" sizes=\"auto, (max-width: 150px) 100vw, 150px\" data-src=\"https:\/\/www.editionkeiper.at\/shop\/wp-content\/uploads\/2018\/04\/Verlag_Keiper_25_StundenLesung_Literatur_Graz_Foto_Ulrike_Rauch_35-150x150.jpg\" data-srcset=\"https:\/\/www.editionkeiper.at\/shop\/wp-content\/uploads\/2018\/04\/Verlag_Keiper_25_StundenLesung_Literatur_Graz_Foto_Ulrike_Rauch_35-150x150.jpg 150w, https:\/\/www.editionkeiper.at\/shop\/wp-content\/uploads\/2018\/04\/Verlag_Keiper_25_StundenLesung_Literatur_Graz_Foto_Ulrike_Rauch_35-100x100.jpg 100w, https:\/\/www.editionkeiper.at\/shop\/wp-content\/uploads\/2018\/04\/Verlag_Keiper_25_StundenLesung_Literatur_Graz_Foto_Ulrike_Rauch_35-120x120.jpg 120w\" \/><\/a>\n\t\t\t<\/dt><\/dl><dl class='gallery-item'>\n\t\t\t<dt class='gallery-icon landscape'>\n\t\t\t\t<a href='https:\/\/www.editionkeiper.at\/shop\/wp-content\/uploads\/2018\/04\/Verlag_Keiper_25_StundenLesung_Literatur_Graz_Foto_Ulrike_Rauch_36.jpg'><img loading=\"lazy\" loading=\"lazy\" decoding=\"async\" width=\"150\" height=\"150\" src=\"https:\/\/www.editionkeiper.at\/shop\/wp-content\/uploads\/xstore\/xstore-placeholder-10x10.png\" class=\"attachment-thumbnail size-thumbnail lazyload lazyload-simple et-lazyload-fadeIn\" alt=\"\" sizes=\"auto, (max-width: 150px) 100vw, 150px\" data-src=\"https:\/\/www.editionkeiper.at\/shop\/wp-content\/uploads\/2018\/04\/Verlag_Keiper_25_StundenLesung_Literatur_Graz_Foto_Ulrike_Rauch_36-150x150.jpg\" data-srcset=\"https:\/\/www.editionkeiper.at\/shop\/wp-content\/uploads\/2018\/04\/Verlag_Keiper_25_StundenLesung_Literatur_Graz_Foto_Ulrike_Rauch_36-150x150.jpg 150w, https:\/\/www.editionkeiper.at\/shop\/wp-content\/uploads\/2018\/04\/Verlag_Keiper_25_StundenLesung_Literatur_Graz_Foto_Ulrike_Rauch_36-100x100.jpg 100w, https:\/\/www.editionkeiper.at\/shop\/wp-content\/uploads\/2018\/04\/Verlag_Keiper_25_StundenLesung_Literatur_Graz_Foto_Ulrike_Rauch_36-120x120.jpg 120w\" \/><\/a>\n\t\t\t<\/dt><\/dl><dl class='gallery-item'>\n\t\t\t<dt class='gallery-icon landscape'>\n\t\t\t\t<a href='https:\/\/www.editionkeiper.at\/shop\/wp-content\/uploads\/2018\/04\/Verlag_Keiper_25_StundenLesung_Literatur_Graz_Foto_Ulrike_Rauch_37.jpg'><img loading=\"lazy\" loading=\"lazy\" decoding=\"async\" width=\"150\" height=\"150\" src=\"https:\/\/www.editionkeiper.at\/shop\/wp-content\/uploads\/xstore\/xstore-placeholder-10x10.png\" class=\"attachment-thumbnail size-thumbnail lazyload lazyload-simple et-lazyload-fadeIn\" alt=\"\" sizes=\"auto, (max-width: 150px) 100vw, 150px\" data-src=\"https:\/\/www.editionkeiper.at\/shop\/wp-content\/uploads\/2018\/04\/Verlag_Keiper_25_StundenLesung_Literatur_Graz_Foto_Ulrike_Rauch_37-150x150.jpg\" data-srcset=\"https:\/\/www.editionkeiper.at\/shop\/wp-content\/uploads\/2018\/04\/Verlag_Keiper_25_StundenLesung_Literatur_Graz_Foto_Ulrike_Rauch_37-150x150.jpg 150w, https:\/\/www.editionkeiper.at\/shop\/wp-content\/uploads\/2018\/04\/Verlag_Keiper_25_StundenLesung_Literatur_Graz_Foto_Ulrike_Rauch_37-100x100.jpg 100w, https:\/\/www.editionkeiper.at\/shop\/wp-content\/uploads\/2018\/04\/Verlag_Keiper_25_StundenLesung_Literatur_Graz_Foto_Ulrike_Rauch_37-120x120.jpg 120w\" \/><\/a>\n\t\t\t<\/dt><\/dl><dl class='gallery-item'>\n\t\t\t<dt class='gallery-icon landscape'>\n\t\t\t\t<a href='https:\/\/www.editionkeiper.at\/shop\/wp-content\/uploads\/2018\/04\/Verlag_Keiper_25_StundenLesung_Literatur_Graz_Foto_Ulrike_Rauch_38.jpg'><img loading=\"lazy\" loading=\"lazy\" decoding=\"async\" width=\"150\" height=\"150\" src=\"https:\/\/www.editionkeiper.at\/shop\/wp-content\/uploads\/xstore\/xstore-placeholder-10x10.png\" class=\"attachment-thumbnail size-thumbnail lazyload lazyload-simple et-lazyload-fadeIn\" alt=\"\" sizes=\"auto, (max-width: 150px) 100vw, 150px\" data-src=\"https:\/\/www.editionkeiper.at\/shop\/wp-content\/uploads\/2018\/04\/Verlag_Keiper_25_StundenLesung_Literatur_Graz_Foto_Ulrike_Rauch_38-150x150.jpg\" data-srcset=\"https:\/\/www.editionkeiper.at\/shop\/wp-content\/uploads\/2018\/04\/Verlag_Keiper_25_StundenLesung_Literatur_Graz_Foto_Ulrike_Rauch_38-150x150.jpg 150w, https:\/\/www.editionkeiper.at\/shop\/wp-content\/uploads\/2018\/04\/Verlag_Keiper_25_StundenLesung_Literatur_Graz_Foto_Ulrike_Rauch_38-100x100.jpg 100w, https:\/\/www.editionkeiper.at\/shop\/wp-content\/uploads\/2018\/04\/Verlag_Keiper_25_StundenLesung_Literatur_Graz_Foto_Ulrike_Rauch_38-120x120.jpg 120w\" \/><\/a>\n\t\t\t<\/dt><\/dl><br style=\"clear: both\" \/><dl class='gallery-item'>\n\t\t\t<dt class='gallery-icon portrait'>\n\t\t\t\t<a href='https:\/\/www.editionkeiper.at\/shop\/wp-content\/uploads\/2018\/04\/Verlag_Keiper_25_StundenLesung_Literatur_Graz_Foto_Ulrike_Rauch_39.jpg'><img loading=\"lazy\" loading=\"lazy\" decoding=\"async\" width=\"150\" height=\"150\" src=\"https:\/\/www.editionkeiper.at\/shop\/wp-content\/uploads\/xstore\/xstore-placeholder-10x10.png\" class=\"attachment-thumbnail size-thumbnail lazyload lazyload-simple et-lazyload-fadeIn\" alt=\"\" sizes=\"auto, (max-width: 150px) 100vw, 150px\" data-src=\"https:\/\/www.editionkeiper.at\/shop\/wp-content\/uploads\/2018\/04\/Verlag_Keiper_25_StundenLesung_Literatur_Graz_Foto_Ulrike_Rauch_39-150x150.jpg\" data-srcset=\"https:\/\/www.editionkeiper.at\/shop\/wp-content\/uploads\/2018\/04\/Verlag_Keiper_25_StundenLesung_Literatur_Graz_Foto_Ulrike_Rauch_39-150x150.jpg 150w, https:\/\/www.editionkeiper.at\/shop\/wp-content\/uploads\/2018\/04\/Verlag_Keiper_25_StundenLesung_Literatur_Graz_Foto_Ulrike_Rauch_39-100x100.jpg 100w, https:\/\/www.editionkeiper.at\/shop\/wp-content\/uploads\/2018\/04\/Verlag_Keiper_25_StundenLesung_Literatur_Graz_Foto_Ulrike_Rauch_39-120x120.jpg 120w\" \/><\/a>\n\t\t\t<\/dt><\/dl><dl class='gallery-item'>\n\t\t\t<dt class='gallery-icon landscape'>\n\t\t\t\t<a href='https:\/\/www.editionkeiper.at\/shop\/wp-content\/uploads\/2018\/04\/Verlag_Keiper_25_StundenLesung_Literatur_Graz_Foto_Ulrike_Rauch_40.jpg'><img loading=\"lazy\" loading=\"lazy\" decoding=\"async\" width=\"150\" height=\"150\" src=\"https:\/\/www.editionkeiper.at\/shop\/wp-content\/uploads\/xstore\/xstore-placeholder-10x10.png\" class=\"attachment-thumbnail size-thumbnail lazyload lazyload-simple et-lazyload-fadeIn\" alt=\"\" sizes=\"auto, (max-width: 150px) 100vw, 150px\" data-src=\"https:\/\/www.editionkeiper.at\/shop\/wp-content\/uploads\/2018\/04\/Verlag_Keiper_25_StundenLesung_Literatur_Graz_Foto_Ulrike_Rauch_40-150x150.jpg\" data-srcset=\"https:\/\/www.editionkeiper.at\/shop\/wp-content\/uploads\/2018\/04\/Verlag_Keiper_25_StundenLesung_Literatur_Graz_Foto_Ulrike_Rauch_40-150x150.jpg 150w, https:\/\/www.editionkeiper.at\/shop\/wp-content\/uploads\/2018\/04\/Verlag_Keiper_25_StundenLesung_Literatur_Graz_Foto_Ulrike_Rauch_40-100x100.jpg 100w, https:\/\/www.editionkeiper.at\/shop\/wp-content\/uploads\/2018\/04\/Verlag_Keiper_25_StundenLesung_Literatur_Graz_Foto_Ulrike_Rauch_40-120x120.jpg 120w\" \/><\/a>\n\t\t\t<\/dt><\/dl><dl class='gallery-item'>\n\t\t\t<dt class='gallery-icon landscape'>\n\t\t\t\t<a href='https:\/\/www.editionkeiper.at\/shop\/wp-content\/uploads\/2018\/04\/Verlag_Keiper_25_StundenLesung_Literatur_Graz_Foto_Ulrike_Rauch_42.jpg'><img loading=\"lazy\" loading=\"lazy\" decoding=\"async\" width=\"150\" height=\"150\" src=\"https:\/\/www.editionkeiper.at\/shop\/wp-content\/uploads\/xstore\/xstore-placeholder-10x10.png\" class=\"attachment-thumbnail size-thumbnail lazyload lazyload-simple et-lazyload-fadeIn\" alt=\"\" sizes=\"auto, (max-width: 150px) 100vw, 150px\" data-src=\"https:\/\/www.editionkeiper.at\/shop\/wp-content\/uploads\/2018\/04\/Verlag_Keiper_25_StundenLesung_Literatur_Graz_Foto_Ulrike_Rauch_42-150x150.jpg\" data-srcset=\"https:\/\/www.editionkeiper.at\/shop\/wp-content\/uploads\/2018\/04\/Verlag_Keiper_25_StundenLesung_Literatur_Graz_Foto_Ulrike_Rauch_42-150x150.jpg 150w, https:\/\/www.editionkeiper.at\/shop\/wp-content\/uploads\/2018\/04\/Verlag_Keiper_25_StundenLesung_Literatur_Graz_Foto_Ulrike_Rauch_42-100x100.jpg 100w, https:\/\/www.editionkeiper.at\/shop\/wp-content\/uploads\/2018\/04\/Verlag_Keiper_25_StundenLesung_Literatur_Graz_Foto_Ulrike_Rauch_42-120x120.jpg 120w\" \/><\/a>\n\t\t\t<\/dt><\/dl><dl class='gallery-item'>\n\t\t\t<dt class='gallery-icon portrait'>\n\t\t\t\t<a href='https:\/\/www.editionkeiper.at\/shop\/wp-content\/uploads\/2018\/04\/Verlag_Keiper_25_StundenLesung_Literatur_Graz_Foto_Ulrike_Rauch_43.jpg'><img loading=\"lazy\" loading=\"lazy\" decoding=\"async\" width=\"150\" height=\"150\" src=\"https:\/\/www.editionkeiper.at\/shop\/wp-content\/uploads\/xstore\/xstore-placeholder-10x10.png\" class=\"attachment-thumbnail size-thumbnail lazyload lazyload-simple et-lazyload-fadeIn\" alt=\"\" sizes=\"auto, (max-width: 150px) 100vw, 150px\" data-src=\"https:\/\/www.editionkeiper.at\/shop\/wp-content\/uploads\/2018\/04\/Verlag_Keiper_25_StundenLesung_Literatur_Graz_Foto_Ulrike_Rauch_43-150x150.jpg\" data-srcset=\"https:\/\/www.editionkeiper.at\/shop\/wp-content\/uploads\/2018\/04\/Verlag_Keiper_25_StundenLesung_Literatur_Graz_Foto_Ulrike_Rauch_43-150x150.jpg 150w, https:\/\/www.editionkeiper.at\/shop\/wp-content\/uploads\/2018\/04\/Verlag_Keiper_25_StundenLesung_Literatur_Graz_Foto_Ulrike_Rauch_43-100x100.jpg 100w, https:\/\/www.editionkeiper.at\/shop\/wp-content\/uploads\/2018\/04\/Verlag_Keiper_25_StundenLesung_Literatur_Graz_Foto_Ulrike_Rauch_43-120x120.jpg 120w\" \/><\/a>\n\t\t\t<\/dt><\/dl><br style=\"clear: both\" \/><dl class='gallery-item'>\n\t\t\t<dt class='gallery-icon landscape'>\n\t\t\t\t<a href='https:\/\/www.editionkeiper.at\/shop\/wp-content\/uploads\/2018\/04\/Verlag_Keiper_25_StundenLesung_Literatur_Graz_Foto_Ulrike_Rauch_44.jpg'><img loading=\"lazy\" loading=\"lazy\" decoding=\"async\" width=\"150\" height=\"150\" src=\"https:\/\/www.editionkeiper.at\/shop\/wp-content\/uploads\/xstore\/xstore-placeholder-10x10.png\" class=\"attachment-thumbnail size-thumbnail lazyload lazyload-simple et-lazyload-fadeIn\" alt=\"\" sizes=\"auto, (max-width: 150px) 100vw, 150px\" data-src=\"https:\/\/www.editionkeiper.at\/shop\/wp-content\/uploads\/2018\/04\/Verlag_Keiper_25_StundenLesung_Literatur_Graz_Foto_Ulrike_Rauch_44-150x150.jpg\" data-srcset=\"https:\/\/www.editionkeiper.at\/shop\/wp-content\/uploads\/2018\/04\/Verlag_Keiper_25_StundenLesung_Literatur_Graz_Foto_Ulrike_Rauch_44-150x150.jpg 150w, https:\/\/www.editionkeiper.at\/shop\/wp-content\/uploads\/2018\/04\/Verlag_Keiper_25_StundenLesung_Literatur_Graz_Foto_Ulrike_Rauch_44-100x100.jpg 100w, https:\/\/www.editionkeiper.at\/shop\/wp-content\/uploads\/2018\/04\/Verlag_Keiper_25_StundenLesung_Literatur_Graz_Foto_Ulrike_Rauch_44-120x120.jpg 120w\" \/><\/a>\n\t\t\t<\/dt><\/dl><dl class='gallery-item'>\n\t\t\t<dt class='gallery-icon landscape'>\n\t\t\t\t<a href='https:\/\/www.editionkeiper.at\/shop\/wp-content\/uploads\/2018\/04\/Verlag_Keiper_25_StundenLesung_Literatur_Graz_Foto_Ulrike_Rauch_45.jpg'><img loading=\"lazy\" loading=\"lazy\" decoding=\"async\" width=\"150\" height=\"150\" src=\"https:\/\/www.editionkeiper.at\/shop\/wp-content\/uploads\/xstore\/xstore-placeholder-10x10.png\" class=\"attachment-thumbnail size-thumbnail lazyload lazyload-simple et-lazyload-fadeIn\" alt=\"\" sizes=\"auto, (max-width: 150px) 100vw, 150px\" data-src=\"https:\/\/www.editionkeiper.at\/shop\/wp-content\/uploads\/2018\/04\/Verlag_Keiper_25_StundenLesung_Literatur_Graz_Foto_Ulrike_Rauch_45-150x150.jpg\" data-srcset=\"https:\/\/www.editionkeiper.at\/shop\/wp-content\/uploads\/2018\/04\/Verlag_Keiper_25_StundenLesung_Literatur_Graz_Foto_Ulrike_Rauch_45-150x150.jpg 150w, https:\/\/www.editionkeiper.at\/shop\/wp-content\/uploads\/2018\/04\/Verlag_Keiper_25_StundenLesung_Literatur_Graz_Foto_Ulrike_Rauch_45-100x100.jpg 100w, https:\/\/www.editionkeiper.at\/shop\/wp-content\/uploads\/2018\/04\/Verlag_Keiper_25_StundenLesung_Literatur_Graz_Foto_Ulrike_Rauch_45-120x120.jpg 120w\" \/><\/a>\n\t\t\t<\/dt><\/dl><dl class='gallery-item'>\n\t\t\t<dt class='gallery-icon landscape'>\n\t\t\t\t<a href='https:\/\/www.editionkeiper.at\/shop\/wp-content\/uploads\/2018\/04\/Verlag_Keiper_25_StundenLesung_Literatur_Graz_Foto_Ulrike_Rauch_46.jpg'><img loading=\"lazy\" loading=\"lazy\" decoding=\"async\" width=\"150\" height=\"150\" src=\"https:\/\/www.editionkeiper.at\/shop\/wp-content\/uploads\/xstore\/xstore-placeholder-10x10.png\" class=\"attachment-thumbnail size-thumbnail lazyload lazyload-simple et-lazyload-fadeIn\" alt=\"\" sizes=\"auto, (max-width: 150px) 100vw, 150px\" data-src=\"https:\/\/www.editionkeiper.at\/shop\/wp-content\/uploads\/2018\/04\/Verlag_Keiper_25_StundenLesung_Literatur_Graz_Foto_Ulrike_Rauch_46-150x150.jpg\" data-srcset=\"https:\/\/www.editionkeiper.at\/shop\/wp-content\/uploads\/2018\/04\/Verlag_Keiper_25_StundenLesung_Literatur_Graz_Foto_Ulrike_Rauch_46-150x150.jpg 150w, https:\/\/www.editionkeiper.at\/shop\/wp-content\/uploads\/2018\/04\/Verlag_Keiper_25_StundenLesung_Literatur_Graz_Foto_Ulrike_Rauch_46-100x100.jpg 100w, https:\/\/www.editionkeiper.at\/shop\/wp-content\/uploads\/2018\/04\/Verlag_Keiper_25_StundenLesung_Literatur_Graz_Foto_Ulrike_Rauch_46-120x120.jpg 120w\" \/><\/a>\n\t\t\t<\/dt><\/dl><dl class='gallery-item'>\n\t\t\t<dt class='gallery-icon landscape'>\n\t\t\t\t<a href='https:\/\/www.editionkeiper.at\/shop\/wp-content\/uploads\/2018\/04\/Verlag_Keiper_25_StundenLesung_Literatur_Graz_Foto_Ulrike_Rauch_47.jpg'><img loading=\"lazy\" loading=\"lazy\" decoding=\"async\" width=\"150\" height=\"150\" src=\"https:\/\/www.editionkeiper.at\/shop\/wp-content\/uploads\/xstore\/xstore-placeholder-10x10.png\" class=\"attachment-thumbnail size-thumbnail lazyload lazyload-simple et-lazyload-fadeIn\" alt=\"\" sizes=\"auto, (max-width: 150px) 100vw, 150px\" data-src=\"https:\/\/www.editionkeiper.at\/shop\/wp-content\/uploads\/2018\/04\/Verlag_Keiper_25_StundenLesung_Literatur_Graz_Foto_Ulrike_Rauch_47-150x150.jpg\" data-srcset=\"https:\/\/www.editionkeiper.at\/shop\/wp-content\/uploads\/2018\/04\/Verlag_Keiper_25_StundenLesung_Literatur_Graz_Foto_Ulrike_Rauch_47-150x150.jpg 150w, https:\/\/www.editionkeiper.at\/shop\/wp-content\/uploads\/2018\/04\/Verlag_Keiper_25_StundenLesung_Literatur_Graz_Foto_Ulrike_Rauch_47-100x100.jpg 100w, https:\/\/www.editionkeiper.at\/shop\/wp-content\/uploads\/2018\/04\/Verlag_Keiper_25_StundenLesung_Literatur_Graz_Foto_Ulrike_Rauch_47-120x120.jpg 120w\" \/><\/a>\n\t\t\t<\/dt><\/dl><br style=\"clear: both\" \/><dl class='gallery-item'>\n\t\t\t<dt class='gallery-icon landscape'>\n\t\t\t\t<a href='https:\/\/www.editionkeiper.at\/shop\/wp-content\/uploads\/2018\/04\/Verlag_Keiper_25_StundenLesung_Literatur_Graz_Foto_Ulrike_Rauch_48.jpg'><img loading=\"lazy\" loading=\"lazy\" decoding=\"async\" width=\"150\" height=\"150\" src=\"https:\/\/www.editionkeiper.at\/shop\/wp-content\/uploads\/xstore\/xstore-placeholder-10x10.png\" class=\"attachment-thumbnail size-thumbnail lazyload lazyload-simple et-lazyload-fadeIn\" alt=\"\" sizes=\"auto, (max-width: 150px) 100vw, 150px\" data-src=\"https:\/\/www.editionkeiper.at\/shop\/wp-content\/uploads\/2018\/04\/Verlag_Keiper_25_StundenLesung_Literatur_Graz_Foto_Ulrike_Rauch_48-150x150.jpg\" data-srcset=\"https:\/\/www.editionkeiper.at\/shop\/wp-content\/uploads\/2018\/04\/Verlag_Keiper_25_StundenLesung_Literatur_Graz_Foto_Ulrike_Rauch_48-150x150.jpg 150w, https:\/\/www.editionkeiper.at\/shop\/wp-content\/uploads\/2018\/04\/Verlag_Keiper_25_StundenLesung_Literatur_Graz_Foto_Ulrike_Rauch_48-100x100.jpg 100w, https:\/\/www.editionkeiper.at\/shop\/wp-content\/uploads\/2018\/04\/Verlag_Keiper_25_StundenLesung_Literatur_Graz_Foto_Ulrike_Rauch_48-120x120.jpg 120w\" \/><\/a>\n\t\t\t<\/dt><\/dl><dl class='gallery-item'>\n\t\t\t<dt class='gallery-icon portrait'>\n\t\t\t\t<a href='https:\/\/www.editionkeiper.at\/shop\/wp-content\/uploads\/2018\/04\/Verlag_Keiper_25_StundenLesung_Literatur_Graz_Foto_Ulrike_Rauch_49.jpg'><img loading=\"lazy\" loading=\"lazy\" decoding=\"async\" width=\"150\" height=\"150\" src=\"https:\/\/www.editionkeiper.at\/shop\/wp-content\/uploads\/xstore\/xstore-placeholder-10x10.png\" class=\"attachment-thumbnail size-thumbnail lazyload lazyload-simple et-lazyload-fadeIn\" alt=\"\" sizes=\"auto, (max-width: 150px) 100vw, 150px\" data-src=\"https:\/\/www.editionkeiper.at\/shop\/wp-content\/uploads\/2018\/04\/Verlag_Keiper_25_StundenLesung_Literatur_Graz_Foto_Ulrike_Rauch_49-150x150.jpg\" data-srcset=\"https:\/\/www.editionkeiper.at\/shop\/wp-content\/uploads\/2018\/04\/Verlag_Keiper_25_StundenLesung_Literatur_Graz_Foto_Ulrike_Rauch_49-150x150.jpg 150w, https:\/\/www.editionkeiper.at\/shop\/wp-content\/uploads\/2018\/04\/Verlag_Keiper_25_StundenLesung_Literatur_Graz_Foto_Ulrike_Rauch_49-100x100.jpg 100w, https:\/\/www.editionkeiper.at\/shop\/wp-content\/uploads\/2018\/04\/Verlag_Keiper_25_StundenLesung_Literatur_Graz_Foto_Ulrike_Rauch_49-120x120.jpg 120w\" \/><\/a>\n\t\t\t<\/dt><\/dl><dl class='gallery-item'>\n\t\t\t<dt class='gallery-icon landscape'>\n\t\t\t\t<a href='https:\/\/www.editionkeiper.at\/shop\/wp-content\/uploads\/2018\/04\/Verlag_Keiper_25_StundenLesung_Literatur_Graz_Foto_Ulrike_Rauch_50.jpg'><img loading=\"lazy\" loading=\"lazy\" decoding=\"async\" width=\"150\" height=\"150\" src=\"https:\/\/www.editionkeiper.at\/shop\/wp-content\/uploads\/xstore\/xstore-placeholder-10x10.png\" class=\"attachment-thumbnail size-thumbnail lazyload lazyload-simple et-lazyload-fadeIn\" alt=\"\" sizes=\"auto, (max-width: 150px) 100vw, 150px\" data-src=\"https:\/\/www.editionkeiper.at\/shop\/wp-content\/uploads\/2018\/04\/Verlag_Keiper_25_StundenLesung_Literatur_Graz_Foto_Ulrike_Rauch_50-150x150.jpg\" data-srcset=\"https:\/\/www.editionkeiper.at\/shop\/wp-content\/uploads\/2018\/04\/Verlag_Keiper_25_StundenLesung_Literatur_Graz_Foto_Ulrike_Rauch_50-150x150.jpg 150w, https:\/\/www.editionkeiper.at\/shop\/wp-content\/uploads\/2018\/04\/Verlag_Keiper_25_StundenLesung_Literatur_Graz_Foto_Ulrike_Rauch_50-100x100.jpg 100w, https:\/\/www.editionkeiper.at\/shop\/wp-content\/uploads\/2018\/04\/Verlag_Keiper_25_StundenLesung_Literatur_Graz_Foto_Ulrike_Rauch_50-120x120.jpg 120w\" \/><\/a>\n\t\t\t<\/dt><\/dl><dl class='gallery-item'>\n\t\t\t<dt class='gallery-icon landscape'>\n\t\t\t\t<a href='https:\/\/www.editionkeiper.at\/shop\/wp-content\/uploads\/2018\/04\/Verlag_Keiper_25_StundenLesung_Literatur_Graz_Foto_Ulrike_Rauch_51.jpg'><img loading=\"lazy\" loading=\"lazy\" decoding=\"async\" width=\"150\" height=\"150\" src=\"https:\/\/www.editionkeiper.at\/shop\/wp-content\/uploads\/xstore\/xstore-placeholder-10x10.png\" class=\"attachment-thumbnail size-thumbnail lazyload lazyload-simple et-lazyload-fadeIn\" alt=\"\" sizes=\"auto, (max-width: 150px) 100vw, 150px\" data-src=\"https:\/\/www.editionkeiper.at\/shop\/wp-content\/uploads\/2018\/04\/Verlag_Keiper_25_StundenLesung_Literatur_Graz_Foto_Ulrike_Rauch_51-150x150.jpg\" data-srcset=\"https:\/\/www.editionkeiper.at\/shop\/wp-content\/uploads\/2018\/04\/Verlag_Keiper_25_StundenLesung_Literatur_Graz_Foto_Ulrike_Rauch_51-150x150.jpg 150w, https:\/\/www.editionkeiper.at\/shop\/wp-content\/uploads\/2018\/04\/Verlag_Keiper_25_StundenLesung_Literatur_Graz_Foto_Ulrike_Rauch_51-100x100.jpg 100w, https:\/\/www.editionkeiper.at\/shop\/wp-content\/uploads\/2018\/04\/Verlag_Keiper_25_StundenLesung_Literatur_Graz_Foto_Ulrike_Rauch_51-120x120.jpg 120w\" \/><\/a>\n\t\t\t<\/dt><\/dl><br style=\"clear: both\" \/><dl class='gallery-item'>\n\t\t\t<dt class='gallery-icon landscape'>\n\t\t\t\t<a href='https:\/\/www.editionkeiper.at\/shop\/wp-content\/uploads\/2018\/04\/Verlag_Keiper_25_StundenLesung_Literatur_Graz_Foto_Ulrike_Rauch_52.jpg'><img loading=\"lazy\" loading=\"lazy\" decoding=\"async\" width=\"150\" height=\"150\" src=\"https:\/\/www.editionkeiper.at\/shop\/wp-content\/uploads\/xstore\/xstore-placeholder-10x10.png\" class=\"attachment-thumbnail size-thumbnail lazyload lazyload-simple et-lazyload-fadeIn\" alt=\"\" sizes=\"auto, (max-width: 150px) 100vw, 150px\" data-src=\"https:\/\/www.editionkeiper.at\/shop\/wp-content\/uploads\/2018\/04\/Verlag_Keiper_25_StundenLesung_Literatur_Graz_Foto_Ulrike_Rauch_52-150x150.jpg\" data-srcset=\"https:\/\/www.editionkeiper.at\/shop\/wp-content\/uploads\/2018\/04\/Verlag_Keiper_25_StundenLesung_Literatur_Graz_Foto_Ulrike_Rauch_52-150x150.jpg 150w, https:\/\/www.editionkeiper.at\/shop\/wp-content\/uploads\/2018\/04\/Verlag_Keiper_25_StundenLesung_Literatur_Graz_Foto_Ulrike_Rauch_52-100x100.jpg 100w, https:\/\/www.editionkeiper.at\/shop\/wp-content\/uploads\/2018\/04\/Verlag_Keiper_25_StundenLesung_Literatur_Graz_Foto_Ulrike_Rauch_52-120x120.jpg 120w\" \/><\/a>\n\t\t\t<\/dt><\/dl><dl class='gallery-item'>\n\t\t\t<dt class='gallery-icon landscape'>\n\t\t\t\t<a href='https:\/\/www.editionkeiper.at\/shop\/wp-content\/uploads\/2018\/04\/Verlag_Keiper_25_StundenLesung_Literatur_Graz_Foto_Ulrike_Rauch_53.jpg'><img loading=\"lazy\" loading=\"lazy\" decoding=\"async\" width=\"150\" height=\"150\" src=\"https:\/\/www.editionkeiper.at\/shop\/wp-content\/uploads\/xstore\/xstore-placeholder-10x10.png\" class=\"attachment-thumbnail size-thumbnail lazyload lazyload-simple et-lazyload-fadeIn\" alt=\"\" sizes=\"auto, (max-width: 150px) 100vw, 150px\" data-src=\"https:\/\/www.editionkeiper.at\/shop\/wp-content\/uploads\/2018\/04\/Verlag_Keiper_25_StundenLesung_Literatur_Graz_Foto_Ulrike_Rauch_53-150x150.jpg\" data-srcset=\"https:\/\/www.editionkeiper.at\/shop\/wp-content\/uploads\/2018\/04\/Verlag_Keiper_25_StundenLesung_Literatur_Graz_Foto_Ulrike_Rauch_53-150x150.jpg 150w, https:\/\/www.editionkeiper.at\/shop\/wp-content\/uploads\/2018\/04\/Verlag_Keiper_25_StundenLesung_Literatur_Graz_Foto_Ulrike_Rauch_53-100x100.jpg 100w, https:\/\/www.editionkeiper.at\/shop\/wp-content\/uploads\/2018\/04\/Verlag_Keiper_25_StundenLesung_Literatur_Graz_Foto_Ulrike_Rauch_53-120x120.jpg 120w\" \/><\/a>\n\t\t\t<\/dt><\/dl><dl class='gallery-item'>\n\t\t\t<dt class='gallery-icon portrait'>\n\t\t\t\t<a href='https:\/\/www.editionkeiper.at\/shop\/wp-content\/uploads\/2018\/04\/Verlag_Keiper_25_StundenLesung_Literatur_Graz_Foto_Ulrike_Rauch_54.jpg'><img loading=\"lazy\" loading=\"lazy\" decoding=\"async\" width=\"150\" height=\"150\" src=\"https:\/\/www.editionkeiper.at\/shop\/wp-content\/uploads\/xstore\/xstore-placeholder-10x10.png\" class=\"attachment-thumbnail size-thumbnail lazyload lazyload-simple et-lazyload-fadeIn\" alt=\"\" sizes=\"auto, (max-width: 150px) 100vw, 150px\" data-src=\"https:\/\/www.editionkeiper.at\/shop\/wp-content\/uploads\/2018\/04\/Verlag_Keiper_25_StundenLesung_Literatur_Graz_Foto_Ulrike_Rauch_54-150x150.jpg\" data-srcset=\"https:\/\/www.editionkeiper.at\/shop\/wp-content\/uploads\/2018\/04\/Verlag_Keiper_25_StundenLesung_Literatur_Graz_Foto_Ulrike_Rauch_54-150x150.jpg 150w, https:\/\/www.editionkeiper.at\/shop\/wp-content\/uploads\/2018\/04\/Verlag_Keiper_25_StundenLesung_Literatur_Graz_Foto_Ulrike_Rauch_54-100x100.jpg 100w, https:\/\/www.editionkeiper.at\/shop\/wp-content\/uploads\/2018\/04\/Verlag_Keiper_25_StundenLesung_Literatur_Graz_Foto_Ulrike_Rauch_54-120x120.jpg 120w\" \/><\/a>\n\t\t\t<\/dt><\/dl><dl class='gallery-item'>\n\t\t\t<dt class='gallery-icon landscape'>\n\t\t\t\t<a href='https:\/\/www.editionkeiper.at\/shop\/wp-content\/uploads\/2018\/04\/Verlag_Keiper_25_StundenLesung_Literatur_Graz_Foto_Ulrike_Rauch_55.jpg'><img loading=\"lazy\" loading=\"lazy\" decoding=\"async\" width=\"150\" height=\"150\" src=\"https:\/\/www.editionkeiper.at\/shop\/wp-content\/uploads\/xstore\/xstore-placeholder-10x10.png\" class=\"attachment-thumbnail size-thumbnail lazyload lazyload-simple et-lazyload-fadeIn\" alt=\"\" sizes=\"auto, (max-width: 150px) 100vw, 150px\" data-src=\"https:\/\/www.editionkeiper.at\/shop\/wp-content\/uploads\/2018\/04\/Verlag_Keiper_25_StundenLesung_Literatur_Graz_Foto_Ulrike_Rauch_55-150x150.jpg\" data-srcset=\"https:\/\/www.editionkeiper.at\/shop\/wp-content\/uploads\/2018\/04\/Verlag_Keiper_25_StundenLesung_Literatur_Graz_Foto_Ulrike_Rauch_55-150x150.jpg 150w, https:\/\/www.editionkeiper.at\/shop\/wp-content\/uploads\/2018\/04\/Verlag_Keiper_25_StundenLesung_Literatur_Graz_Foto_Ulrike_Rauch_55-100x100.jpg 100w, https:\/\/www.editionkeiper.at\/shop\/wp-content\/uploads\/2018\/04\/Verlag_Keiper_25_StundenLesung_Literatur_Graz_Foto_Ulrike_Rauch_55-120x120.jpg 120w\" \/><\/a>\n\t\t\t<\/dt><\/dl><br style=\"clear: both\" \/><dl class='gallery-item'>\n\t\t\t<dt class='gallery-icon landscape'>\n\t\t\t\t<a href='https:\/\/www.editionkeiper.at\/shop\/wp-content\/uploads\/2018\/04\/Verlag_Keiper_25_StundenLesung_Literatur_Graz_Foto_Ulrike_Rauch_56.jpg'><img loading=\"lazy\" loading=\"lazy\" decoding=\"async\" width=\"150\" height=\"150\" src=\"https:\/\/www.editionkeiper.at\/shop\/wp-content\/uploads\/xstore\/xstore-placeholder-10x10.png\" class=\"attachment-thumbnail size-thumbnail lazyload lazyload-simple et-lazyload-fadeIn\" alt=\"\" sizes=\"auto, (max-width: 150px) 100vw, 150px\" data-src=\"https:\/\/www.editionkeiper.at\/shop\/wp-content\/uploads\/2018\/04\/Verlag_Keiper_25_StundenLesung_Literatur_Graz_Foto_Ulrike_Rauch_56-150x150.jpg\" data-srcset=\"https:\/\/www.editionkeiper.at\/shop\/wp-content\/uploads\/2018\/04\/Verlag_Keiper_25_StundenLesung_Literatur_Graz_Foto_Ulrike_Rauch_56-150x150.jpg 150w, https:\/\/www.editionkeiper.at\/shop\/wp-content\/uploads\/2018\/04\/Verlag_Keiper_25_StundenLesung_Literatur_Graz_Foto_Ulrike_Rauch_56-100x100.jpg 100w, https:\/\/www.editionkeiper.at\/shop\/wp-content\/uploads\/2018\/04\/Verlag_Keiper_25_StundenLesung_Literatur_Graz_Foto_Ulrike_Rauch_56-120x120.jpg 120w\" \/><\/a>\n\t\t\t<\/dt><\/dl><dl class='gallery-item'>\n\t\t\t<dt class='gallery-icon portrait'>\n\t\t\t\t<a href='https:\/\/www.editionkeiper.at\/shop\/wp-content\/uploads\/2018\/04\/Verlag_Keiper_25_StundenLesung_Literatur_Graz_Foto_Ulrike_Rauch_57.jpg'><img loading=\"lazy\" loading=\"lazy\" decoding=\"async\" width=\"150\" height=\"150\" src=\"https:\/\/www.editionkeiper.at\/shop\/wp-content\/uploads\/xstore\/xstore-placeholder-10x10.png\" class=\"attachment-thumbnail size-thumbnail lazyload lazyload-simple et-lazyload-fadeIn\" alt=\"\" sizes=\"auto, (max-width: 150px) 100vw, 150px\" data-src=\"https:\/\/www.editionkeiper.at\/shop\/wp-content\/uploads\/2018\/04\/Verlag_Keiper_25_StundenLesung_Literatur_Graz_Foto_Ulrike_Rauch_57-150x150.jpg\" data-srcset=\"https:\/\/www.editionkeiper.at\/shop\/wp-content\/uploads\/2018\/04\/Verlag_Keiper_25_StundenLesung_Literatur_Graz_Foto_Ulrike_Rauch_57-150x150.jpg 150w, https:\/\/www.editionkeiper.at\/shop\/wp-content\/uploads\/2018\/04\/Verlag_Keiper_25_StundenLesung_Literatur_Graz_Foto_Ulrike_Rauch_57-100x100.jpg 100w, https:\/\/www.editionkeiper.at\/shop\/wp-content\/uploads\/2018\/04\/Verlag_Keiper_25_StundenLesung_Literatur_Graz_Foto_Ulrike_Rauch_57-120x120.jpg 120w\" \/><\/a>\n\t\t\t<\/dt><\/dl><dl class='gallery-item'>\n\t\t\t<dt class='gallery-icon landscape'>\n\t\t\t\t<a href='https:\/\/www.editionkeiper.at\/shop\/wp-content\/uploads\/2018\/04\/Verlag_Keiper_25_StundenLesung_Literatur_Graz_Foto_Ulrike_Rauch_60.jpg'><img loading=\"lazy\" loading=\"lazy\" decoding=\"async\" width=\"150\" height=\"150\" src=\"https:\/\/www.editionkeiper.at\/shop\/wp-content\/uploads\/xstore\/xstore-placeholder-10x10.png\" class=\"attachment-thumbnail size-thumbnail lazyload lazyload-simple et-lazyload-fadeIn\" alt=\"\" sizes=\"auto, (max-width: 150px) 100vw, 150px\" data-src=\"https:\/\/www.editionkeiper.at\/shop\/wp-content\/uploads\/2018\/04\/Verlag_Keiper_25_StundenLesung_Literatur_Graz_Foto_Ulrike_Rauch_60-150x150.jpg\" data-srcset=\"https:\/\/www.editionkeiper.at\/shop\/wp-content\/uploads\/2018\/04\/Verlag_Keiper_25_StundenLesung_Literatur_Graz_Foto_Ulrike_Rauch_60-150x150.jpg 150w, https:\/\/www.editionkeiper.at\/shop\/wp-content\/uploads\/2018\/04\/Verlag_Keiper_25_StundenLesung_Literatur_Graz_Foto_Ulrike_Rauch_60-100x100.jpg 100w, https:\/\/www.editionkeiper.at\/shop\/wp-content\/uploads\/2018\/04\/Verlag_Keiper_25_StundenLesung_Literatur_Graz_Foto_Ulrike_Rauch_60-120x120.jpg 120w\" \/><\/a>\n\t\t\t<\/dt><\/dl><dl class='gallery-item'>\n\t\t\t<dt class='gallery-icon landscape'>\n\t\t\t\t<a href='https:\/\/www.editionkeiper.at\/shop\/wp-content\/uploads\/2018\/04\/Verlag_Keiper_25_StundenLesung_Literatur_Graz_Foto_Ulrike_Rauch_61.jpg'><img loading=\"lazy\" loading=\"lazy\" decoding=\"async\" width=\"150\" height=\"150\" src=\"https:\/\/www.editionkeiper.at\/shop\/wp-content\/uploads\/xstore\/xstore-placeholder-10x10.png\" class=\"attachment-thumbnail size-thumbnail lazyload lazyload-simple et-lazyload-fadeIn\" alt=\"\" sizes=\"auto, (max-width: 150px) 100vw, 150px\" data-src=\"https:\/\/www.editionkeiper.at\/shop\/wp-content\/uploads\/2018\/04\/Verlag_Keiper_25_StundenLesung_Literatur_Graz_Foto_Ulrike_Rauch_61-150x150.jpg\" data-srcset=\"https:\/\/www.editionkeiper.at\/shop\/wp-content\/uploads\/2018\/04\/Verlag_Keiper_25_StundenLesung_Literatur_Graz_Foto_Ulrike_Rauch_61-150x150.jpg 150w, https:\/\/www.editionkeiper.at\/shop\/wp-content\/uploads\/2018\/04\/Verlag_Keiper_25_StundenLesung_Literatur_Graz_Foto_Ulrike_Rauch_61-100x100.jpg 100w, https:\/\/www.editionkeiper.at\/shop\/wp-content\/uploads\/2018\/04\/Verlag_Keiper_25_StundenLesung_Literatur_Graz_Foto_Ulrike_Rauch_61-120x120.jpg 120w\" \/><\/a>\n\t\t\t<\/dt><\/dl><br style=\"clear: both\" \/><dl class='gallery-item'>\n\t\t\t<dt class='gallery-icon portrait'>\n\t\t\t\t<a href='https:\/\/www.editionkeiper.at\/shop\/wp-content\/uploads\/2018\/04\/Verlag_Keiper_25_StundenLesung_Literatur_Graz_Foto_Ulrike_Rauch_63.jpg'><img loading=\"lazy\" loading=\"lazy\" decoding=\"async\" width=\"150\" height=\"150\" src=\"https:\/\/www.editionkeiper.at\/shop\/wp-content\/uploads\/xstore\/xstore-placeholder-10x10.png\" class=\"attachment-thumbnail size-thumbnail lazyload lazyload-simple et-lazyload-fadeIn\" alt=\"\" sizes=\"auto, (max-width: 150px) 100vw, 150px\" data-src=\"https:\/\/www.editionkeiper.at\/shop\/wp-content\/uploads\/2018\/04\/Verlag_Keiper_25_StundenLesung_Literatur_Graz_Foto_Ulrike_Rauch_63-150x150.jpg\" data-srcset=\"https:\/\/www.editionkeiper.at\/shop\/wp-content\/uploads\/2018\/04\/Verlag_Keiper_25_StundenLesung_Literatur_Graz_Foto_Ulrike_Rauch_63-150x150.jpg 150w, https:\/\/www.editionkeiper.at\/shop\/wp-content\/uploads\/2018\/04\/Verlag_Keiper_25_StundenLesung_Literatur_Graz_Foto_Ulrike_Rauch_63-100x100.jpg 100w, https:\/\/www.editionkeiper.at\/shop\/wp-content\/uploads\/2018\/04\/Verlag_Keiper_25_StundenLesung_Literatur_Graz_Foto_Ulrike_Rauch_63-120x120.jpg 120w\" \/><\/a>\n\t\t\t<\/dt><\/dl><dl class='gallery-item'>\n\t\t\t<dt class='gallery-icon landscape'>\n\t\t\t\t<a href='https:\/\/www.editionkeiper.at\/shop\/wp-content\/uploads\/2018\/04\/Verlag_Keiper_25_StundenLesung_Literatur_Graz_Foto_Ulrike_Rauch_64.jpg'><img loading=\"lazy\" loading=\"lazy\" decoding=\"async\" width=\"150\" height=\"150\" src=\"https:\/\/www.editionkeiper.at\/shop\/wp-content\/uploads\/xstore\/xstore-placeholder-10x10.png\" class=\"attachment-thumbnail size-thumbnail lazyload lazyload-simple et-lazyload-fadeIn\" alt=\"\" sizes=\"auto, (max-width: 150px) 100vw, 150px\" data-src=\"https:\/\/www.editionkeiper.at\/shop\/wp-content\/uploads\/2018\/04\/Verlag_Keiper_25_StundenLesung_Literatur_Graz_Foto_Ulrike_Rauch_64-150x150.jpg\" data-srcset=\"https:\/\/www.editionkeiper.at\/shop\/wp-content\/uploads\/2018\/04\/Verlag_Keiper_25_StundenLesung_Literatur_Graz_Foto_Ulrike_Rauch_64-150x150.jpg 150w, https:\/\/www.editionkeiper.at\/shop\/wp-content\/uploads\/2018\/04\/Verlag_Keiper_25_StundenLesung_Literatur_Graz_Foto_Ulrike_Rauch_64-100x100.jpg 100w, https:\/\/www.editionkeiper.at\/shop\/wp-content\/uploads\/2018\/04\/Verlag_Keiper_25_StundenLesung_Literatur_Graz_Foto_Ulrike_Rauch_64-120x120.jpg 120w\" \/><\/a>\n\t\t\t<\/dt><\/dl><dl class='gallery-item'>\n\t\t\t<dt class='gallery-icon landscape'>\n\t\t\t\t<a href='https:\/\/www.editionkeiper.at\/shop\/wp-content\/uploads\/2018\/04\/Verlag_Keiper_25_StundenLesung_Literatur_Graz_Foto_Ulrike_Rauch_65.jpg'><img loading=\"lazy\" loading=\"lazy\" decoding=\"async\" width=\"150\" height=\"150\" src=\"https:\/\/www.editionkeiper.at\/shop\/wp-content\/uploads\/xstore\/xstore-placeholder-10x10.png\" class=\"attachment-thumbnail size-thumbnail lazyload lazyload-simple et-lazyload-fadeIn\" alt=\"\" sizes=\"auto, (max-width: 150px) 100vw, 150px\" data-src=\"https:\/\/www.editionkeiper.at\/shop\/wp-content\/uploads\/2018\/04\/Verlag_Keiper_25_StundenLesung_Literatur_Graz_Foto_Ulrike_Rauch_65-150x150.jpg\" data-srcset=\"https:\/\/www.editionkeiper.at\/shop\/wp-content\/uploads\/2018\/04\/Verlag_Keiper_25_StundenLesung_Literatur_Graz_Foto_Ulrike_Rauch_65-150x150.jpg 150w, https:\/\/www.editionkeiper.at\/shop\/wp-content\/uploads\/2018\/04\/Verlag_Keiper_25_StundenLesung_Literatur_Graz_Foto_Ulrike_Rauch_65-100x100.jpg 100w, https:\/\/www.editionkeiper.at\/shop\/wp-content\/uploads\/2018\/04\/Verlag_Keiper_25_StundenLesung_Literatur_Graz_Foto_Ulrike_Rauch_65-120x120.jpg 120w\" \/><\/a>\n\t\t\t<\/dt><\/dl><dl class='gallery-item'>\n\t\t\t<dt class='gallery-icon landscape'>\n\t\t\t\t<a href='https:\/\/www.editionkeiper.at\/shop\/wp-content\/uploads\/2018\/04\/Verlag_Keiper_25_StundenLesung_Literatur_Graz_Foto_Ulrike_Rauch_66.jpg'><img loading=\"lazy\" loading=\"lazy\" decoding=\"async\" width=\"150\" height=\"150\" src=\"https:\/\/www.editionkeiper.at\/shop\/wp-content\/uploads\/xstore\/xstore-placeholder-10x10.png\" class=\"attachment-thumbnail size-thumbnail lazyload lazyload-simple et-lazyload-fadeIn\" alt=\"\" sizes=\"auto, (max-width: 150px) 100vw, 150px\" data-src=\"https:\/\/www.editionkeiper.at\/shop\/wp-content\/uploads\/2018\/04\/Verlag_Keiper_25_StundenLesung_Literatur_Graz_Foto_Ulrike_Rauch_66-150x150.jpg\" data-srcset=\"https:\/\/www.editionkeiper.at\/shop\/wp-content\/uploads\/2018\/04\/Verlag_Keiper_25_StundenLesung_Literatur_Graz_Foto_Ulrike_Rauch_66-150x150.jpg 150w, https:\/\/www.editionkeiper.at\/shop\/wp-content\/uploads\/2018\/04\/Verlag_Keiper_25_StundenLesung_Literatur_Graz_Foto_Ulrike_Rauch_66-100x100.jpg 100w, https:\/\/www.editionkeiper.at\/shop\/wp-content\/uploads\/2018\/04\/Verlag_Keiper_25_StundenLesung_Literatur_Graz_Foto_Ulrike_Rauch_66-120x120.jpg 120w\" \/><\/a>\n\t\t\t<\/dt><\/dl><br style=\"clear: both\" \/><dl class='gallery-item'>\n\t\t\t<dt class='gallery-icon landscape'>\n\t\t\t\t<a href='https:\/\/www.editionkeiper.at\/shop\/wp-content\/uploads\/2018\/04\/Verlag_Keiper_25_StundenLesung_Literatur_Graz_Foto_Ulrike_Rauch_67.jpg'><img loading=\"lazy\" loading=\"lazy\" decoding=\"async\" width=\"150\" height=\"150\" src=\"https:\/\/www.editionkeiper.at\/shop\/wp-content\/uploads\/xstore\/xstore-placeholder-10x10.png\" class=\"attachment-thumbnail size-thumbnail lazyload lazyload-simple et-lazyload-fadeIn\" alt=\"\" sizes=\"auto, (max-width: 150px) 100vw, 150px\" data-src=\"https:\/\/www.editionkeiper.at\/shop\/wp-content\/uploads\/2018\/04\/Verlag_Keiper_25_StundenLesung_Literatur_Graz_Foto_Ulrike_Rauch_67-150x150.jpg\" data-srcset=\"https:\/\/www.editionkeiper.at\/shop\/wp-content\/uploads\/2018\/04\/Verlag_Keiper_25_StundenLesung_Literatur_Graz_Foto_Ulrike_Rauch_67-150x150.jpg 150w, https:\/\/www.editionkeiper.at\/shop\/wp-content\/uploads\/2018\/04\/Verlag_Keiper_25_StundenLesung_Literatur_Graz_Foto_Ulrike_Rauch_67-100x100.jpg 100w, https:\/\/www.editionkeiper.at\/shop\/wp-content\/uploads\/2018\/04\/Verlag_Keiper_25_StundenLesung_Literatur_Graz_Foto_Ulrike_Rauch_67-120x120.jpg 120w\" \/><\/a>\n\t\t\t<\/dt><\/dl><dl class='gallery-item'>\n\t\t\t<dt class='gallery-icon landscape'>\n\t\t\t\t<a href='https:\/\/www.editionkeiper.at\/shop\/wp-content\/uploads\/2018\/04\/Verlag_Keiper_25_StundenLesung_Literatur_Graz_Foto_Ulrike_Rauch_68.jpg'><img loading=\"lazy\" loading=\"lazy\" decoding=\"async\" width=\"150\" height=\"150\" src=\"https:\/\/www.editionkeiper.at\/shop\/wp-content\/uploads\/xstore\/xstore-placeholder-10x10.png\" class=\"attachment-thumbnail size-thumbnail lazyload lazyload-simple et-lazyload-fadeIn\" alt=\"\" sizes=\"auto, (max-width: 150px) 100vw, 150px\" data-src=\"https:\/\/www.editionkeiper.at\/shop\/wp-content\/uploads\/2018\/04\/Verlag_Keiper_25_StundenLesung_Literatur_Graz_Foto_Ulrike_Rauch_68-150x150.jpg\" data-srcset=\"https:\/\/www.editionkeiper.at\/shop\/wp-content\/uploads\/2018\/04\/Verlag_Keiper_25_StundenLesung_Literatur_Graz_Foto_Ulrike_Rauch_68-150x150.jpg 150w, https:\/\/www.editionkeiper.at\/shop\/wp-content\/uploads\/2018\/04\/Verlag_Keiper_25_StundenLesung_Literatur_Graz_Foto_Ulrike_Rauch_68-100x100.jpg 100w, https:\/\/www.editionkeiper.at\/shop\/wp-content\/uploads\/2018\/04\/Verlag_Keiper_25_StundenLesung_Literatur_Graz_Foto_Ulrike_Rauch_68-120x120.jpg 120w\" \/><\/a>\n\t\t\t<\/dt><\/dl><dl class='gallery-item'>\n\t\t\t<dt class='gallery-icon landscape'>\n\t\t\t\t<a href='https:\/\/www.editionkeiper.at\/shop\/wp-content\/uploads\/2018\/04\/Verlag_Keiper_25_StundenLesung_Literatur_Graz_Foto_Ulrike_Rauch_69.jpg'><img loading=\"lazy\" loading=\"lazy\" decoding=\"async\" width=\"150\" height=\"150\" src=\"https:\/\/www.editionkeiper.at\/shop\/wp-content\/uploads\/xstore\/xstore-placeholder-10x10.png\" class=\"attachment-thumbnail size-thumbnail lazyload lazyload-simple et-lazyload-fadeIn\" alt=\"\" sizes=\"auto, (max-width: 150px) 100vw, 150px\" data-src=\"https:\/\/www.editionkeiper.at\/shop\/wp-content\/uploads\/2018\/04\/Verlag_Keiper_25_StundenLesung_Literatur_Graz_Foto_Ulrike_Rauch_69-150x150.jpg\" data-srcset=\"https:\/\/www.editionkeiper.at\/shop\/wp-content\/uploads\/2018\/04\/Verlag_Keiper_25_StundenLesung_Literatur_Graz_Foto_Ulrike_Rauch_69-150x150.jpg 150w, https:\/\/www.editionkeiper.at\/shop\/wp-content\/uploads\/2018\/04\/Verlag_Keiper_25_StundenLesung_Literatur_Graz_Foto_Ulrike_Rauch_69-100x100.jpg 100w, https:\/\/www.editionkeiper.at\/shop\/wp-content\/uploads\/2018\/04\/Verlag_Keiper_25_StundenLesung_Literatur_Graz_Foto_Ulrike_Rauch_69-120x120.jpg 120w\" \/><\/a>\n\t\t\t<\/dt><\/dl><dl class='gallery-item'>\n\t\t\t<dt class='gallery-icon landscape'>\n\t\t\t\t<a href='https:\/\/www.editionkeiper.at\/shop\/wp-content\/uploads\/2018\/04\/Verlag_Keiper_25_StundenLesung_Literatur_Graz_Foto_Ulrike_Rauch_70.jpg'><img loading=\"lazy\" loading=\"lazy\" decoding=\"async\" width=\"150\" height=\"150\" src=\"https:\/\/www.editionkeiper.at\/shop\/wp-content\/uploads\/xstore\/xstore-placeholder-10x10.png\" class=\"attachment-thumbnail size-thumbnail lazyload lazyload-simple et-lazyload-fadeIn\" alt=\"\" sizes=\"auto, (max-width: 150px) 100vw, 150px\" data-src=\"https:\/\/www.editionkeiper.at\/shop\/wp-content\/uploads\/2018\/04\/Verlag_Keiper_25_StundenLesung_Literatur_Graz_Foto_Ulrike_Rauch_70-150x150.jpg\" data-srcset=\"https:\/\/www.editionkeiper.at\/shop\/wp-content\/uploads\/2018\/04\/Verlag_Keiper_25_StundenLesung_Literatur_Graz_Foto_Ulrike_Rauch_70-150x150.jpg 150w, https:\/\/www.editionkeiper.at\/shop\/wp-content\/uploads\/2018\/04\/Verlag_Keiper_25_StundenLesung_Literatur_Graz_Foto_Ulrike_Rauch_70-100x100.jpg 100w, https:\/\/www.editionkeiper.at\/shop\/wp-content\/uploads\/2018\/04\/Verlag_Keiper_25_StundenLesung_Literatur_Graz_Foto_Ulrike_Rauch_70-120x120.jpg 120w\" \/><\/a>\n\t\t\t<\/dt><\/dl><br style=\"clear: both\" \/><dl class='gallery-item'>\n\t\t\t<dt class='gallery-icon landscape'>\n\t\t\t\t<a href='https:\/\/www.editionkeiper.at\/shop\/wp-content\/uploads\/2018\/04\/Verlag_Keiper_25_StundenLesung_Literatur_Graz_Foto_Ulrike_Rauch_71.jpg'><img loading=\"lazy\" loading=\"lazy\" decoding=\"async\" width=\"150\" height=\"150\" src=\"https:\/\/www.editionkeiper.at\/shop\/wp-content\/uploads\/xstore\/xstore-placeholder-10x10.png\" class=\"attachment-thumbnail size-thumbnail lazyload lazyload-simple et-lazyload-fadeIn\" alt=\"\" sizes=\"auto, (max-width: 150px) 100vw, 150px\" data-src=\"https:\/\/www.editionkeiper.at\/shop\/wp-content\/uploads\/2018\/04\/Verlag_Keiper_25_StundenLesung_Literatur_Graz_Foto_Ulrike_Rauch_71-150x150.jpg\" data-srcset=\"https:\/\/www.editionkeiper.at\/shop\/wp-content\/uploads\/2018\/04\/Verlag_Keiper_25_StundenLesung_Literatur_Graz_Foto_Ulrike_Rauch_71-150x150.jpg 150w, https:\/\/www.editionkeiper.at\/shop\/wp-content\/uploads\/2018\/04\/Verlag_Keiper_25_StundenLesung_Literatur_Graz_Foto_Ulrike_Rauch_71-100x100.jpg 100w, https:\/\/www.editionkeiper.at\/shop\/wp-content\/uploads\/2018\/04\/Verlag_Keiper_25_StundenLesung_Literatur_Graz_Foto_Ulrike_Rauch_71-120x120.jpg 120w\" \/><\/a>\n\t\t\t<\/dt><\/dl><dl class='gallery-item'>\n\t\t\t<dt class='gallery-icon landscape'>\n\t\t\t\t<a href='https:\/\/www.editionkeiper.at\/shop\/wp-content\/uploads\/2018\/04\/Verlag_Keiper_25_StundenLesung_Literatur_Graz_Foto_Ulrike_Rauch_72.jpg'><img loading=\"lazy\" loading=\"lazy\" decoding=\"async\" width=\"150\" height=\"150\" src=\"https:\/\/www.editionkeiper.at\/shop\/wp-content\/uploads\/xstore\/xstore-placeholder-10x10.png\" class=\"attachment-thumbnail size-thumbnail lazyload lazyload-simple et-lazyload-fadeIn\" alt=\"\" sizes=\"auto, (max-width: 150px) 100vw, 150px\" data-src=\"https:\/\/www.editionkeiper.at\/shop\/wp-content\/uploads\/2018\/04\/Verlag_Keiper_25_StundenLesung_Literatur_Graz_Foto_Ulrike_Rauch_72-150x150.jpg\" data-srcset=\"https:\/\/www.editionkeiper.at\/shop\/wp-content\/uploads\/2018\/04\/Verlag_Keiper_25_StundenLesung_Literatur_Graz_Foto_Ulrike_Rauch_72-150x150.jpg 150w, https:\/\/www.editionkeiper.at\/shop\/wp-content\/uploads\/2018\/04\/Verlag_Keiper_25_StundenLesung_Literatur_Graz_Foto_Ulrike_Rauch_72-100x100.jpg 100w, https:\/\/www.editionkeiper.at\/shop\/wp-content\/uploads\/2018\/04\/Verlag_Keiper_25_StundenLesung_Literatur_Graz_Foto_Ulrike_Rauch_72-120x120.jpg 120w\" \/><\/a>\n\t\t\t<\/dt><\/dl><dl class='gallery-item'>\n\t\t\t<dt class='gallery-icon portrait'>\n\t\t\t\t<a href='https:\/\/www.editionkeiper.at\/shop\/wp-content\/uploads\/2018\/04\/Verlag_Keiper_25_StundenLesung_Literatur_Graz_Foto_Ulrike_Rauch_73.jpg'><img loading=\"lazy\" loading=\"lazy\" decoding=\"async\" width=\"150\" height=\"150\" src=\"https:\/\/www.editionkeiper.at\/shop\/wp-content\/uploads\/xstore\/xstore-placeholder-10x10.png\" class=\"attachment-thumbnail size-thumbnail lazyload lazyload-simple et-lazyload-fadeIn\" alt=\"\" sizes=\"auto, (max-width: 150px) 100vw, 150px\" data-src=\"https:\/\/www.editionkeiper.at\/shop\/wp-content\/uploads\/2018\/04\/Verlag_Keiper_25_StundenLesung_Literatur_Graz_Foto_Ulrike_Rauch_73-150x150.jpg\" data-srcset=\"https:\/\/www.editionkeiper.at\/shop\/wp-content\/uploads\/2018\/04\/Verlag_Keiper_25_StundenLesung_Literatur_Graz_Foto_Ulrike_Rauch_73-150x150.jpg 150w, https:\/\/www.editionkeiper.at\/shop\/wp-content\/uploads\/2018\/04\/Verlag_Keiper_25_StundenLesung_Literatur_Graz_Foto_Ulrike_Rauch_73-100x100.jpg 100w, https:\/\/www.editionkeiper.at\/shop\/wp-content\/uploads\/2018\/04\/Verlag_Keiper_25_StundenLesung_Literatur_Graz_Foto_Ulrike_Rauch_73-120x120.jpg 120w\" \/><\/a>\n\t\t\t<\/dt><\/dl><dl class='gallery-item'>\n\t\t\t<dt class='gallery-icon portrait'>\n\t\t\t\t<a href='https:\/\/www.editionkeiper.at\/shop\/wp-content\/uploads\/2018\/04\/Verlag_Keiper_25_StundenLesung_Literatur_Graz_Foto_Ulrike_Rauch_74.jpg'><img loading=\"lazy\" loading=\"lazy\" decoding=\"async\" width=\"150\" height=\"150\" src=\"https:\/\/www.editionkeiper.at\/shop\/wp-content\/uploads\/xstore\/xstore-placeholder-10x10.png\" class=\"attachment-thumbnail size-thumbnail lazyload lazyload-simple et-lazyload-fadeIn\" alt=\"\" sizes=\"auto, (max-width: 150px) 100vw, 150px\" data-src=\"https:\/\/www.editionkeiper.at\/shop\/wp-content\/uploads\/2018\/04\/Verlag_Keiper_25_StundenLesung_Literatur_Graz_Foto_Ulrike_Rauch_74-150x150.jpg\" data-srcset=\"https:\/\/www.editionkeiper.at\/shop\/wp-content\/uploads\/2018\/04\/Verlag_Keiper_25_StundenLesung_Literatur_Graz_Foto_Ulrike_Rauch_74-150x150.jpg 150w, https:\/\/www.editionkeiper.at\/shop\/wp-content\/uploads\/2018\/04\/Verlag_Keiper_25_StundenLesung_Literatur_Graz_Foto_Ulrike_Rauch_74-100x100.jpg 100w, https:\/\/www.editionkeiper.at\/shop\/wp-content\/uploads\/2018\/04\/Verlag_Keiper_25_StundenLesung_Literatur_Graz_Foto_Ulrike_Rauch_74-120x120.jpg 120w\" \/><\/a>\n\t\t\t<\/dt><\/dl><br style=\"clear: both\" \/><dl class='gallery-item'>\n\t\t\t<dt class='gallery-icon portrait'>\n\t\t\t\t<a href='https:\/\/www.editionkeiper.at\/shop\/wp-content\/uploads\/2018\/04\/Verlag_Keiper_25_StundenLesung_Literatur_Graz_Foto_Ulrike_Rauch_76.jpg'><img loading=\"lazy\" loading=\"lazy\" decoding=\"async\" width=\"150\" height=\"150\" src=\"https:\/\/www.editionkeiper.at\/shop\/wp-content\/uploads\/xstore\/xstore-placeholder-10x10.png\" class=\"attachment-thumbnail size-thumbnail lazyload lazyload-simple et-lazyload-fadeIn\" alt=\"\" sizes=\"auto, (max-width: 150px) 100vw, 150px\" data-src=\"https:\/\/www.editionkeiper.at\/shop\/wp-content\/uploads\/2018\/04\/Verlag_Keiper_25_StundenLesung_Literatur_Graz_Foto_Ulrike_Rauch_76-150x150.jpg\" data-srcset=\"https:\/\/www.editionkeiper.at\/shop\/wp-content\/uploads\/2018\/04\/Verlag_Keiper_25_StundenLesung_Literatur_Graz_Foto_Ulrike_Rauch_76-150x150.jpg 150w, https:\/\/www.editionkeiper.at\/shop\/wp-content\/uploads\/2018\/04\/Verlag_Keiper_25_StundenLesung_Literatur_Graz_Foto_Ulrike_Rauch_76-100x100.jpg 100w, https:\/\/www.editionkeiper.at\/shop\/wp-content\/uploads\/2018\/04\/Verlag_Keiper_25_StundenLesung_Literatur_Graz_Foto_Ulrike_Rauch_76-120x120.jpg 120w\" \/><\/a>\n\t\t\t<\/dt><\/dl><dl class='gallery-item'>\n\t\t\t<dt class='gallery-icon portrait'>\n\t\t\t\t<a href='https:\/\/www.editionkeiper.at\/shop\/wp-content\/uploads\/2018\/04\/Verlag_Keiper_25_StundenLesung_Literatur_Graz_Foto_Ulrike_Rauch_77.jpg'><img loading=\"lazy\" loading=\"lazy\" decoding=\"async\" width=\"150\" height=\"150\" src=\"https:\/\/www.editionkeiper.at\/shop\/wp-content\/uploads\/xstore\/xstore-placeholder-10x10.png\" class=\"attachment-thumbnail size-thumbnail lazyload lazyload-simple et-lazyload-fadeIn\" alt=\"\" sizes=\"auto, (max-width: 150px) 100vw, 150px\" data-src=\"https:\/\/www.editionkeiper.at\/shop\/wp-content\/uploads\/2018\/04\/Verlag_Keiper_25_StundenLesung_Literatur_Graz_Foto_Ulrike_Rauch_77-150x150.jpg\" data-srcset=\"https:\/\/www.editionkeiper.at\/shop\/wp-content\/uploads\/2018\/04\/Verlag_Keiper_25_StundenLesung_Literatur_Graz_Foto_Ulrike_Rauch_77-150x150.jpg 150w, https:\/\/www.editionkeiper.at\/shop\/wp-content\/uploads\/2018\/04\/Verlag_Keiper_25_StundenLesung_Literatur_Graz_Foto_Ulrike_Rauch_77-100x100.jpg 100w, https:\/\/www.editionkeiper.at\/shop\/wp-content\/uploads\/2018\/04\/Verlag_Keiper_25_StundenLesung_Literatur_Graz_Foto_Ulrike_Rauch_77-120x120.jpg 120w\" \/><\/a>\n\t\t\t<\/dt><\/dl><dl class='gallery-item'>\n\t\t\t<dt class='gallery-icon landscape'>\n\t\t\t\t<a href='https:\/\/www.editionkeiper.at\/shop\/wp-content\/uploads\/2018\/04\/Verlag_Keiper_25_StundenLesung_Literatur_Graz_Foto_Ulrike_Rauch_78.jpg'><img loading=\"lazy\" loading=\"lazy\" decoding=\"async\" width=\"150\" height=\"150\" src=\"https:\/\/www.editionkeiper.at\/shop\/wp-content\/uploads\/xstore\/xstore-placeholder-10x10.png\" class=\"attachment-thumbnail size-thumbnail lazyload lazyload-simple et-lazyload-fadeIn\" alt=\"\" sizes=\"auto, (max-width: 150px) 100vw, 150px\" data-src=\"https:\/\/www.editionkeiper.at\/shop\/wp-content\/uploads\/2018\/04\/Verlag_Keiper_25_StundenLesung_Literatur_Graz_Foto_Ulrike_Rauch_78-150x150.jpg\" data-srcset=\"https:\/\/www.editionkeiper.at\/shop\/wp-content\/uploads\/2018\/04\/Verlag_Keiper_25_StundenLesung_Literatur_Graz_Foto_Ulrike_Rauch_78-150x150.jpg 150w, https:\/\/www.editionkeiper.at\/shop\/wp-content\/uploads\/2018\/04\/Verlag_Keiper_25_StundenLesung_Literatur_Graz_Foto_Ulrike_Rauch_78-100x100.jpg 100w, https:\/\/www.editionkeiper.at\/shop\/wp-content\/uploads\/2018\/04\/Verlag_Keiper_25_StundenLesung_Literatur_Graz_Foto_Ulrike_Rauch_78-120x120.jpg 120w\" \/><\/a>\n\t\t\t<\/dt><\/dl><dl class='gallery-item'>\n\t\t\t<dt class='gallery-icon landscape'>\n\t\t\t\t<a href='https:\/\/www.editionkeiper.at\/shop\/wp-content\/uploads\/2018\/04\/Verlag_Keiper_25_StundenLesung_Literatur_Graz_Foto_Ulrike_Rauch_79.jpg'><img loading=\"lazy\" loading=\"lazy\" decoding=\"async\" width=\"150\" height=\"150\" src=\"https:\/\/www.editionkeiper.at\/shop\/wp-content\/uploads\/xstore\/xstore-placeholder-10x10.png\" class=\"attachment-thumbnail size-thumbnail lazyload lazyload-simple et-lazyload-fadeIn\" alt=\"\" sizes=\"auto, (max-width: 150px) 100vw, 150px\" data-src=\"https:\/\/www.editionkeiper.at\/shop\/wp-content\/uploads\/2018\/04\/Verlag_Keiper_25_StundenLesung_Literatur_Graz_Foto_Ulrike_Rauch_79-150x150.jpg\" data-srcset=\"https:\/\/www.editionkeiper.at\/shop\/wp-content\/uploads\/2018\/04\/Verlag_Keiper_25_StundenLesung_Literatur_Graz_Foto_Ulrike_Rauch_79-150x150.jpg 150w, https:\/\/www.editionkeiper.at\/shop\/wp-content\/uploads\/2018\/04\/Verlag_Keiper_25_StundenLesung_Literatur_Graz_Foto_Ulrike_Rauch_79-100x100.jpg 100w, https:\/\/www.editionkeiper.at\/shop\/wp-content\/uploads\/2018\/04\/Verlag_Keiper_25_StundenLesung_Literatur_Graz_Foto_Ulrike_Rauch_79-120x120.jpg 120w\" \/><\/a>\n\t\t\t<\/dt><\/dl><br style=\"clear: both\" \/><dl class='gallery-item'>\n\t\t\t<dt class='gallery-icon landscape'>\n\t\t\t\t<a href='https:\/\/www.editionkeiper.at\/shop\/wp-content\/uploads\/2018\/04\/Verlag_Keiper_25_StundenLesung_Literatur_Graz_Foto_Ulrike_Rauch_80.jpg'><img loading=\"lazy\" loading=\"lazy\" decoding=\"async\" width=\"150\" height=\"150\" src=\"https:\/\/www.editionkeiper.at\/shop\/wp-content\/uploads\/xstore\/xstore-placeholder-10x10.png\" class=\"attachment-thumbnail size-thumbnail lazyload lazyload-simple et-lazyload-fadeIn\" alt=\"\" sizes=\"auto, (max-width: 150px) 100vw, 150px\" data-src=\"https:\/\/www.editionkeiper.at\/shop\/wp-content\/uploads\/2018\/04\/Verlag_Keiper_25_StundenLesung_Literatur_Graz_Foto_Ulrike_Rauch_80-150x150.jpg\" data-srcset=\"https:\/\/www.editionkeiper.at\/shop\/wp-content\/uploads\/2018\/04\/Verlag_Keiper_25_StundenLesung_Literatur_Graz_Foto_Ulrike_Rauch_80-150x150.jpg 150w, https:\/\/www.editionkeiper.at\/shop\/wp-content\/uploads\/2018\/04\/Verlag_Keiper_25_StundenLesung_Literatur_Graz_Foto_Ulrike_Rauch_80-100x100.jpg 100w, https:\/\/www.editionkeiper.at\/shop\/wp-content\/uploads\/2018\/04\/Verlag_Keiper_25_StundenLesung_Literatur_Graz_Foto_Ulrike_Rauch_80-120x120.jpg 120w\" \/><\/a>\n\t\t\t<\/dt><\/dl><dl class='gallery-item'>\n\t\t\t<dt class='gallery-icon landscape'>\n\t\t\t\t<a href='https:\/\/www.editionkeiper.at\/shop\/wp-content\/uploads\/2018\/04\/Verlag_Keiper_25_StundenLesung_Literatur_Graz_Foto_Ulrike_Rauch_81.jpg'><img loading=\"lazy\" loading=\"lazy\" decoding=\"async\" width=\"150\" height=\"150\" src=\"https:\/\/www.editionkeiper.at\/shop\/wp-content\/uploads\/xstore\/xstore-placeholder-10x10.png\" class=\"attachment-thumbnail size-thumbnail lazyload lazyload-simple et-lazyload-fadeIn\" alt=\"\" sizes=\"auto, (max-width: 150px) 100vw, 150px\" data-src=\"https:\/\/www.editionkeiper.at\/shop\/wp-content\/uploads\/2018\/04\/Verlag_Keiper_25_StundenLesung_Literatur_Graz_Foto_Ulrike_Rauch_81-150x150.jpg\" data-srcset=\"https:\/\/www.editionkeiper.at\/shop\/wp-content\/uploads\/2018\/04\/Verlag_Keiper_25_StundenLesung_Literatur_Graz_Foto_Ulrike_Rauch_81-150x150.jpg 150w, https:\/\/www.editionkeiper.at\/shop\/wp-content\/uploads\/2018\/04\/Verlag_Keiper_25_StundenLesung_Literatur_Graz_Foto_Ulrike_Rauch_81-100x100.jpg 100w, https:\/\/www.editionkeiper.at\/shop\/wp-content\/uploads\/2018\/04\/Verlag_Keiper_25_StundenLesung_Literatur_Graz_Foto_Ulrike_Rauch_81-120x120.jpg 120w\" \/><\/a>\n\t\t\t<\/dt><\/dl><dl class='gallery-item'>\n\t\t\t<dt class='gallery-icon landscape'>\n\t\t\t\t<a href='https:\/\/www.editionkeiper.at\/shop\/wp-content\/uploads\/2018\/04\/Verlag_Keiper_25_StundenLesung_Literatur_Graz_Foto_Ulrike_Rauch_82.jpg'><img loading=\"lazy\" loading=\"lazy\" decoding=\"async\" width=\"150\" height=\"150\" src=\"https:\/\/www.editionkeiper.at\/shop\/wp-content\/uploads\/xstore\/xstore-placeholder-10x10.png\" class=\"attachment-thumbnail size-thumbnail lazyload lazyload-simple et-lazyload-fadeIn\" alt=\"\" sizes=\"auto, (max-width: 150px) 100vw, 150px\" data-src=\"https:\/\/www.editionkeiper.at\/shop\/wp-content\/uploads\/2018\/04\/Verlag_Keiper_25_StundenLesung_Literatur_Graz_Foto_Ulrike_Rauch_82-150x150.jpg\" data-srcset=\"https:\/\/www.editionkeiper.at\/shop\/wp-content\/uploads\/2018\/04\/Verlag_Keiper_25_StundenLesung_Literatur_Graz_Foto_Ulrike_Rauch_82-150x150.jpg 150w, https:\/\/www.editionkeiper.at\/shop\/wp-content\/uploads\/2018\/04\/Verlag_Keiper_25_StundenLesung_Literatur_Graz_Foto_Ulrike_Rauch_82-100x100.jpg 100w, https:\/\/www.editionkeiper.at\/shop\/wp-content\/uploads\/2018\/04\/Verlag_Keiper_25_StundenLesung_Literatur_Graz_Foto_Ulrike_Rauch_82-120x120.jpg 120w\" \/><\/a>\n\t\t\t<\/dt><\/dl><dl class='gallery-item'>\n\t\t\t<dt class='gallery-icon portrait'>\n\t\t\t\t<a href='https:\/\/www.editionkeiper.at\/shop\/wp-content\/uploads\/2018\/04\/Verlag_Keiper_25_StundenLesung_Literatur_Graz_Foto_Ulrike_Rauch_83.jpg'><img loading=\"lazy\" loading=\"lazy\" decoding=\"async\" width=\"150\" height=\"150\" src=\"https:\/\/www.editionkeiper.at\/shop\/wp-content\/uploads\/xstore\/xstore-placeholder-10x10.png\" class=\"attachment-thumbnail size-thumbnail lazyload lazyload-simple et-lazyload-fadeIn\" alt=\"\" sizes=\"auto, (max-width: 150px) 100vw, 150px\" data-src=\"https:\/\/www.editionkeiper.at\/shop\/wp-content\/uploads\/2018\/04\/Verlag_Keiper_25_StundenLesung_Literatur_Graz_Foto_Ulrike_Rauch_83-150x150.jpg\" data-srcset=\"https:\/\/www.editionkeiper.at\/shop\/wp-content\/uploads\/2018\/04\/Verlag_Keiper_25_StundenLesung_Literatur_Graz_Foto_Ulrike_Rauch_83-150x150.jpg 150w, https:\/\/www.editionkeiper.at\/shop\/wp-content\/uploads\/2018\/04\/Verlag_Keiper_25_StundenLesung_Literatur_Graz_Foto_Ulrike_Rauch_83-100x100.jpg 100w, https:\/\/www.editionkeiper.at\/shop\/wp-content\/uploads\/2018\/04\/Verlag_Keiper_25_StundenLesung_Literatur_Graz_Foto_Ulrike_Rauch_83-120x120.jpg 120w\" \/><\/a>\n\t\t\t<\/dt><\/dl><br style=\"clear: both\" \/><dl class='gallery-item'>\n\t\t\t<dt class='gallery-icon landscape'>\n\t\t\t\t<a href='https:\/\/www.editionkeiper.at\/shop\/wp-content\/uploads\/2018\/04\/Verlag_Keiper_25_StundenLesung_Literatur_Graz_Foto_Ulrike_Rauch_84.jpg'><img loading=\"lazy\" loading=\"lazy\" decoding=\"async\" width=\"150\" height=\"150\" src=\"https:\/\/www.editionkeiper.at\/shop\/wp-content\/uploads\/xstore\/xstore-placeholder-10x10.png\" class=\"attachment-thumbnail size-thumbnail lazyload lazyload-simple et-lazyload-fadeIn\" alt=\"\" sizes=\"auto, (max-width: 150px) 100vw, 150px\" data-src=\"https:\/\/www.editionkeiper.at\/shop\/wp-content\/uploads\/2018\/04\/Verlag_Keiper_25_StundenLesung_Literatur_Graz_Foto_Ulrike_Rauch_84-150x150.jpg\" data-srcset=\"https:\/\/www.editionkeiper.at\/shop\/wp-content\/uploads\/2018\/04\/Verlag_Keiper_25_StundenLesung_Literatur_Graz_Foto_Ulrike_Rauch_84-150x150.jpg 150w, https:\/\/www.editionkeiper.at\/shop\/wp-content\/uploads\/2018\/04\/Verlag_Keiper_25_StundenLesung_Literatur_Graz_Foto_Ulrike_Rauch_84-100x100.jpg 100w, https:\/\/www.editionkeiper.at\/shop\/wp-content\/uploads\/2018\/04\/Verlag_Keiper_25_StundenLesung_Literatur_Graz_Foto_Ulrike_Rauch_84-120x120.jpg 120w\" \/><\/a>\n\t\t\t<\/dt><\/dl><dl class='gallery-item'>\n\t\t\t<dt class='gallery-icon landscape'>\n\t\t\t\t<a href='https:\/\/www.editionkeiper.at\/shop\/wp-content\/uploads\/2018\/04\/Verlag_Keiper_25_StundenLesung_Literatur_Graz_Foto_Ulrike_Rauch_85.jpg'><img loading=\"lazy\" loading=\"lazy\" decoding=\"async\" width=\"150\" height=\"150\" src=\"https:\/\/www.editionkeiper.at\/shop\/wp-content\/uploads\/xstore\/xstore-placeholder-10x10.png\" class=\"attachment-thumbnail size-thumbnail lazyload lazyload-simple et-lazyload-fadeIn\" alt=\"\" sizes=\"auto, (max-width: 150px) 100vw, 150px\" data-src=\"https:\/\/www.editionkeiper.at\/shop\/wp-content\/uploads\/2018\/04\/Verlag_Keiper_25_StundenLesung_Literatur_Graz_Foto_Ulrike_Rauch_85-150x150.jpg\" data-srcset=\"https:\/\/www.editionkeiper.at\/shop\/wp-content\/uploads\/2018\/04\/Verlag_Keiper_25_StundenLesung_Literatur_Graz_Foto_Ulrike_Rauch_85-150x150.jpg 150w, https:\/\/www.editionkeiper.at\/shop\/wp-content\/uploads\/2018\/04\/Verlag_Keiper_25_StundenLesung_Literatur_Graz_Foto_Ulrike_Rauch_85-100x100.jpg 100w, https:\/\/www.editionkeiper.at\/shop\/wp-content\/uploads\/2018\/04\/Verlag_Keiper_25_StundenLesung_Literatur_Graz_Foto_Ulrike_Rauch_85-120x120.jpg 120w\" \/><\/a>\n\t\t\t<\/dt><\/dl><dl class='gallery-item'>\n\t\t\t<dt class='gallery-icon landscape'>\n\t\t\t\t<a href='https:\/\/www.editionkeiper.at\/shop\/wp-content\/uploads\/2018\/04\/Verlag_Keiper_25_StundenLesung_Literatur_Graz_Foto_Ulrike_Rauch_86.jpg'><img loading=\"lazy\" loading=\"lazy\" decoding=\"async\" width=\"150\" height=\"150\" src=\"https:\/\/www.editionkeiper.at\/shop\/wp-content\/uploads\/xstore\/xstore-placeholder-10x10.png\" class=\"attachment-thumbnail size-thumbnail lazyload lazyload-simple et-lazyload-fadeIn\" alt=\"\" sizes=\"auto, (max-width: 150px) 100vw, 150px\" data-src=\"https:\/\/www.editionkeiper.at\/shop\/wp-content\/uploads\/2018\/04\/Verlag_Keiper_25_StundenLesung_Literatur_Graz_Foto_Ulrike_Rauch_86-150x150.jpg\" data-srcset=\"https:\/\/www.editionkeiper.at\/shop\/wp-content\/uploads\/2018\/04\/Verlag_Keiper_25_StundenLesung_Literatur_Graz_Foto_Ulrike_Rauch_86-150x150.jpg 150w, https:\/\/www.editionkeiper.at\/shop\/wp-content\/uploads\/2018\/04\/Verlag_Keiper_25_StundenLesung_Literatur_Graz_Foto_Ulrike_Rauch_86-100x100.jpg 100w, https:\/\/www.editionkeiper.at\/shop\/wp-content\/uploads\/2018\/04\/Verlag_Keiper_25_StundenLesung_Literatur_Graz_Foto_Ulrike_Rauch_86-120x120.jpg 120w\" \/><\/a>\n\t\t\t<\/dt><\/dl><dl class='gallery-item'>\n\t\t\t<dt class='gallery-icon landscape'>\n\t\t\t\t<a href='https:\/\/www.editionkeiper.at\/shop\/wp-content\/uploads\/2018\/04\/Verlag_Keiper_25_StundenLesung_LeserInnen_Literatur_Graz_00.jpg'><img loading=\"lazy\" loading=\"lazy\" decoding=\"async\" width=\"150\" height=\"150\" src=\"https:\/\/www.editionkeiper.at\/shop\/wp-content\/uploads\/xstore\/xstore-placeholder-10x10.png\" class=\"attachment-thumbnail size-thumbnail lazyload lazyload-simple et-lazyload-fadeIn\" alt=\"\" sizes=\"auto, (max-width: 150px) 100vw, 150px\" data-src=\"https:\/\/www.editionkeiper.at\/shop\/wp-content\/uploads\/2018\/04\/Verlag_Keiper_25_StundenLesung_LeserInnen_Literatur_Graz_00-150x150.jpg\" data-srcset=\"https:\/\/www.editionkeiper.at\/shop\/wp-content\/uploads\/2018\/04\/Verlag_Keiper_25_StundenLesung_LeserInnen_Literatur_Graz_00-150x150.jpg 150w, https:\/\/www.editionkeiper.at\/shop\/wp-content\/uploads\/2018\/04\/Verlag_Keiper_25_StundenLesung_LeserInnen_Literatur_Graz_00-100x100.jpg 100w, https:\/\/www.editionkeiper.at\/shop\/wp-content\/uploads\/2018\/04\/Verlag_Keiper_25_StundenLesung_LeserInnen_Literatur_Graz_00-120x120.jpg 120w\" \/><\/a>\n\t\t\t<\/dt><\/dl><br style=\"clear: both\" \/><dl class='gallery-item'>\n\t\t\t<dt class='gallery-icon landscape'>\n\t\t\t\t<a href='https:\/\/www.editionkeiper.at\/shop\/wp-content\/uploads\/2018\/04\/Verlag_Keiper_25_StundenLesung_LeserInnen_Literatur_Graz_01.jpg'><img loading=\"lazy\" loading=\"lazy\" decoding=\"async\" width=\"150\" height=\"150\" src=\"https:\/\/www.editionkeiper.at\/shop\/wp-content\/uploads\/xstore\/xstore-placeholder-10x10.png\" class=\"attachment-thumbnail size-thumbnail lazyload lazyload-simple et-lazyload-fadeIn\" alt=\"\" sizes=\"auto, (max-width: 150px) 100vw, 150px\" data-src=\"https:\/\/www.editionkeiper.at\/shop\/wp-content\/uploads\/2018\/04\/Verlag_Keiper_25_StundenLesung_LeserInnen_Literatur_Graz_01-150x150.jpg\" data-srcset=\"https:\/\/www.editionkeiper.at\/shop\/wp-content\/uploads\/2018\/04\/Verlag_Keiper_25_StundenLesung_LeserInnen_Literatur_Graz_01-150x150.jpg 150w, https:\/\/www.editionkeiper.at\/shop\/wp-content\/uploads\/2018\/04\/Verlag_Keiper_25_StundenLesung_LeserInnen_Literatur_Graz_01-100x100.jpg 100w, https:\/\/www.editionkeiper.at\/shop\/wp-content\/uploads\/2018\/04\/Verlag_Keiper_25_StundenLesung_LeserInnen_Literatur_Graz_01-120x120.jpg 120w\" \/><\/a>\n\t\t\t<\/dt><\/dl><dl class='gallery-item'>\n\t\t\t<dt class='gallery-icon landscape'>\n\t\t\t\t<a href='https:\/\/www.editionkeiper.at\/shop\/wp-content\/uploads\/2018\/04\/Verlag_Keiper_25_StundenLesung_LeserInnen_Literatur_Graz_02.jpg'><img loading=\"lazy\" loading=\"lazy\" decoding=\"async\" width=\"150\" height=\"150\" src=\"https:\/\/www.editionkeiper.at\/shop\/wp-content\/uploads\/xstore\/xstore-placeholder-10x10.png\" class=\"attachment-thumbnail size-thumbnail lazyload lazyload-simple et-lazyload-fadeIn\" alt=\"\" sizes=\"auto, (max-width: 150px) 100vw, 150px\" data-src=\"https:\/\/www.editionkeiper.at\/shop\/wp-content\/uploads\/2018\/04\/Verlag_Keiper_25_StundenLesung_LeserInnen_Literatur_Graz_02-150x150.jpg\" data-srcset=\"https:\/\/www.editionkeiper.at\/shop\/wp-content\/uploads\/2018\/04\/Verlag_Keiper_25_StundenLesung_LeserInnen_Literatur_Graz_02-150x150.jpg 150w, https:\/\/www.editionkeiper.at\/shop\/wp-content\/uploads\/2018\/04\/Verlag_Keiper_25_StundenLesung_LeserInnen_Literatur_Graz_02-100x100.jpg 100w, https:\/\/www.editionkeiper.at\/shop\/wp-content\/uploads\/2018\/04\/Verlag_Keiper_25_StundenLesung_LeserInnen_Literatur_Graz_02-120x120.jpg 120w\" \/><\/a>\n\t\t\t<\/dt><\/dl><dl class='gallery-item'>\n\t\t\t<dt class='gallery-icon landscape'>\n\t\t\t\t<a href='https:\/\/www.editionkeiper.at\/shop\/wp-content\/uploads\/2018\/04\/Verlag_Keiper_25_StundenLesung_LeserInnen_Literatur_Graz_03.jpg'><img loading=\"lazy\" loading=\"lazy\" decoding=\"async\" width=\"150\" height=\"150\" src=\"https:\/\/www.editionkeiper.at\/shop\/wp-content\/uploads\/xstore\/xstore-placeholder-10x10.png\" class=\"attachment-thumbnail size-thumbnail lazyload lazyload-simple et-lazyload-fadeIn\" alt=\"\" sizes=\"auto, (max-width: 150px) 100vw, 150px\" data-src=\"https:\/\/www.editionkeiper.at\/shop\/wp-content\/uploads\/2018\/04\/Verlag_Keiper_25_StundenLesung_LeserInnen_Literatur_Graz_03-150x150.jpg\" data-srcset=\"https:\/\/www.editionkeiper.at\/shop\/wp-content\/uploads\/2018\/04\/Verlag_Keiper_25_StundenLesung_LeserInnen_Literatur_Graz_03-150x150.jpg 150w, https:\/\/www.editionkeiper.at\/shop\/wp-content\/uploads\/2018\/04\/Verlag_Keiper_25_StundenLesung_LeserInnen_Literatur_Graz_03-100x100.jpg 100w, https:\/\/www.editionkeiper.at\/shop\/wp-content\/uploads\/2018\/04\/Verlag_Keiper_25_StundenLesung_LeserInnen_Literatur_Graz_03-120x120.jpg 120w\" \/><\/a>\n\t\t\t<\/dt><\/dl><dl class='gallery-item'>\n\t\t\t<dt class='gallery-icon landscape'>\n\t\t\t\t<a href='https:\/\/www.editionkeiper.at\/shop\/wp-content\/uploads\/2018\/04\/Verlag_Keiper_25_StundenLesung_LeserInnen_Literatur_Graz_04.jpg'><img loading=\"lazy\" loading=\"lazy\" decoding=\"async\" width=\"150\" height=\"150\" src=\"https:\/\/www.editionkeiper.at\/shop\/wp-content\/uploads\/xstore\/xstore-placeholder-10x10.png\" class=\"attachment-thumbnail size-thumbnail lazyload lazyload-simple et-lazyload-fadeIn\" alt=\"\" sizes=\"auto, (max-width: 150px) 100vw, 150px\" data-src=\"https:\/\/www.editionkeiper.at\/shop\/wp-content\/uploads\/2018\/04\/Verlag_Keiper_25_StundenLesung_LeserInnen_Literatur_Graz_04-150x150.jpg\" data-srcset=\"https:\/\/www.editionkeiper.at\/shop\/wp-content\/uploads\/2018\/04\/Verlag_Keiper_25_StundenLesung_LeserInnen_Literatur_Graz_04-150x150.jpg 150w, https:\/\/www.editionkeiper.at\/shop\/wp-content\/uploads\/2018\/04\/Verlag_Keiper_25_StundenLesung_LeserInnen_Literatur_Graz_04-100x100.jpg 100w, https:\/\/www.editionkeiper.at\/shop\/wp-content\/uploads\/2018\/04\/Verlag_Keiper_25_StundenLesung_LeserInnen_Literatur_Graz_04-120x120.jpg 120w\" \/><\/a>\n\t\t\t<\/dt><\/dl><br style=\"clear: both\" \/><dl class='gallery-item'>\n\t\t\t<dt class='gallery-icon portrait'>\n\t\t\t\t<a href='https:\/\/www.editionkeiper.at\/shop\/wp-content\/uploads\/2018\/04\/Verlag_Keiper_25_StundenLesung_LeserInnen_Literatur_Graz_05.jpg'><img loading=\"lazy\" loading=\"lazy\" decoding=\"async\" width=\"150\" height=\"150\" src=\"https:\/\/www.editionkeiper.at\/shop\/wp-content\/uploads\/xstore\/xstore-placeholder-10x10.png\" class=\"attachment-thumbnail size-thumbnail lazyload lazyload-simple et-lazyload-fadeIn\" alt=\"\" sizes=\"auto, (max-width: 150px) 100vw, 150px\" data-src=\"https:\/\/www.editionkeiper.at\/shop\/wp-content\/uploads\/2018\/04\/Verlag_Keiper_25_StundenLesung_LeserInnen_Literatur_Graz_05-150x150.jpg\" data-srcset=\"https:\/\/www.editionkeiper.at\/shop\/wp-content\/uploads\/2018\/04\/Verlag_Keiper_25_StundenLesung_LeserInnen_Literatur_Graz_05-150x150.jpg 150w, https:\/\/www.editionkeiper.at\/shop\/wp-content\/uploads\/2018\/04\/Verlag_Keiper_25_StundenLesung_LeserInnen_Literatur_Graz_05-100x100.jpg 100w, https:\/\/www.editionkeiper.at\/shop\/wp-content\/uploads\/2018\/04\/Verlag_Keiper_25_StundenLesung_LeserInnen_Literatur_Graz_05-120x120.jpg 120w\" \/><\/a>\n\t\t\t<\/dt><\/dl><dl class='gallery-item'>\n\t\t\t<dt class='gallery-icon landscape'>\n\t\t\t\t<a href='https:\/\/www.editionkeiper.at\/shop\/wp-content\/uploads\/2018\/04\/Verlag_Keiper_25_StundenLesung_LeserInnen_Literatur_Graz_06.jpg'><img loading=\"lazy\" loading=\"lazy\" decoding=\"async\" width=\"150\" height=\"150\" src=\"https:\/\/www.editionkeiper.at\/shop\/wp-content\/uploads\/xstore\/xstore-placeholder-10x10.png\" class=\"attachment-thumbnail size-thumbnail lazyload lazyload-simple et-lazyload-fadeIn\" alt=\"\" sizes=\"auto, (max-width: 150px) 100vw, 150px\" data-src=\"https:\/\/www.editionkeiper.at\/shop\/wp-content\/uploads\/2018\/04\/Verlag_Keiper_25_StundenLesung_LeserInnen_Literatur_Graz_06-150x150.jpg\" data-srcset=\"https:\/\/www.editionkeiper.at\/shop\/wp-content\/uploads\/2018\/04\/Verlag_Keiper_25_StundenLesung_LeserInnen_Literatur_Graz_06-150x150.jpg 150w, https:\/\/www.editionkeiper.at\/shop\/wp-content\/uploads\/2018\/04\/Verlag_Keiper_25_StundenLesung_LeserInnen_Literatur_Graz_06-100x100.jpg 100w, https:\/\/www.editionkeiper.at\/shop\/wp-content\/uploads\/2018\/04\/Verlag_Keiper_25_StundenLesung_LeserInnen_Literatur_Graz_06-120x120.jpg 120w\" \/><\/a>\n\t\t\t<\/dt><\/dl><dl class='gallery-item'>\n\t\t\t<dt class='gallery-icon landscape'>\n\t\t\t\t<a href='https:\/\/www.editionkeiper.at\/shop\/wp-content\/uploads\/2018\/04\/Verlag_Keiper_25_StundenLesung_LeserInnen_Literatur_Graz_07.jpg'><img loading=\"lazy\" loading=\"lazy\" decoding=\"async\" width=\"150\" height=\"150\" src=\"https:\/\/www.editionkeiper.at\/shop\/wp-content\/uploads\/xstore\/xstore-placeholder-10x10.png\" class=\"attachment-thumbnail size-thumbnail lazyload lazyload-simple et-lazyload-fadeIn\" alt=\"\" sizes=\"auto, (max-width: 150px) 100vw, 150px\" data-src=\"https:\/\/www.editionkeiper.at\/shop\/wp-content\/uploads\/2018\/04\/Verlag_Keiper_25_StundenLesung_LeserInnen_Literatur_Graz_07-150x150.jpg\" data-srcset=\"https:\/\/www.editionkeiper.at\/shop\/wp-content\/uploads\/2018\/04\/Verlag_Keiper_25_StundenLesung_LeserInnen_Literatur_Graz_07-150x150.jpg 150w, https:\/\/www.editionkeiper.at\/shop\/wp-content\/uploads\/2018\/04\/Verlag_Keiper_25_StundenLesung_LeserInnen_Literatur_Graz_07-100x100.jpg 100w, https:\/\/www.editionkeiper.at\/shop\/wp-content\/uploads\/2018\/04\/Verlag_Keiper_25_StundenLesung_LeserInnen_Literatur_Graz_07-120x120.jpg 120w\" \/><\/a>\n\t\t\t<\/dt><\/dl><dl class='gallery-item'>\n\t\t\t<dt class='gallery-icon landscape'>\n\t\t\t\t<a href='https:\/\/www.editionkeiper.at\/shop\/wp-content\/uploads\/2018\/04\/Verlag_Keiper_25_StundenLesung_LeserInnen_Literatur_Graz_08.jpg'><img loading=\"lazy\" loading=\"lazy\" decoding=\"async\" width=\"150\" height=\"150\" src=\"https:\/\/www.editionkeiper.at\/shop\/wp-content\/uploads\/xstore\/xstore-placeholder-10x10.png\" class=\"attachment-thumbnail size-thumbnail lazyload lazyload-simple et-lazyload-fadeIn\" alt=\"\" sizes=\"auto, (max-width: 150px) 100vw, 150px\" data-src=\"https:\/\/www.editionkeiper.at\/shop\/wp-content\/uploads\/2018\/04\/Verlag_Keiper_25_StundenLesung_LeserInnen_Literatur_Graz_08-150x150.jpg\" data-srcset=\"https:\/\/www.editionkeiper.at\/shop\/wp-content\/uploads\/2018\/04\/Verlag_Keiper_25_StundenLesung_LeserInnen_Literatur_Graz_08-150x150.jpg 150w, https:\/\/www.editionkeiper.at\/shop\/wp-content\/uploads\/2018\/04\/Verlag_Keiper_25_StundenLesung_LeserInnen_Literatur_Graz_08-100x100.jpg 100w, https:\/\/www.editionkeiper.at\/shop\/wp-content\/uploads\/2018\/04\/Verlag_Keiper_25_StundenLesung_LeserInnen_Literatur_Graz_08-120x120.jpg 120w\" \/><\/a>\n\t\t\t<\/dt><\/dl><br style=\"clear: both\" \/><dl class='gallery-item'>\n\t\t\t<dt class='gallery-icon landscape'>\n\t\t\t\t<a href='https:\/\/www.editionkeiper.at\/shop\/wp-content\/uploads\/2018\/04\/Verlag_Keiper_25_StundenLesung_LeserInnen_Literatur_Graz_09.jpg'><img loading=\"lazy\" loading=\"lazy\" decoding=\"async\" width=\"150\" height=\"150\" src=\"https:\/\/www.editionkeiper.at\/shop\/wp-content\/uploads\/xstore\/xstore-placeholder-10x10.png\" class=\"attachment-thumbnail size-thumbnail lazyload lazyload-simple et-lazyload-fadeIn\" alt=\"\" sizes=\"auto, (max-width: 150px) 100vw, 150px\" data-src=\"https:\/\/www.editionkeiper.at\/shop\/wp-content\/uploads\/2018\/04\/Verlag_Keiper_25_StundenLesung_LeserInnen_Literatur_Graz_09-150x150.jpg\" data-srcset=\"https:\/\/www.editionkeiper.at\/shop\/wp-content\/uploads\/2018\/04\/Verlag_Keiper_25_StundenLesung_LeserInnen_Literatur_Graz_09-150x150.jpg 150w, https:\/\/www.editionkeiper.at\/shop\/wp-content\/uploads\/2018\/04\/Verlag_Keiper_25_StundenLesung_LeserInnen_Literatur_Graz_09-100x100.jpg 100w, https:\/\/www.editionkeiper.at\/shop\/wp-content\/uploads\/2018\/04\/Verlag_Keiper_25_StundenLesung_LeserInnen_Literatur_Graz_09-120x120.jpg 120w\" \/><\/a>\n\t\t\t<\/dt><\/dl><dl class='gallery-item'>\n\t\t\t<dt class='gallery-icon landscape'>\n\t\t\t\t<a href='https:\/\/www.editionkeiper.at\/shop\/wp-content\/uploads\/2018\/04\/Verlag_Keiper_25_StundenLesung_LeserInnen_Literatur_Graz_10.jpg'><img loading=\"lazy\" loading=\"lazy\" decoding=\"async\" width=\"150\" height=\"150\" src=\"https:\/\/www.editionkeiper.at\/shop\/wp-content\/uploads\/xstore\/xstore-placeholder-10x10.png\" class=\"attachment-thumbnail size-thumbnail lazyload lazyload-simple et-lazyload-fadeIn\" alt=\"\" sizes=\"auto, (max-width: 150px) 100vw, 150px\" data-src=\"https:\/\/www.editionkeiper.at\/shop\/wp-content\/uploads\/2018\/04\/Verlag_Keiper_25_StundenLesung_LeserInnen_Literatur_Graz_10-150x150.jpg\" data-srcset=\"https:\/\/www.editionkeiper.at\/shop\/wp-content\/uploads\/2018\/04\/Verlag_Keiper_25_StundenLesung_LeserInnen_Literatur_Graz_10-150x150.jpg 150w, https:\/\/www.editionkeiper.at\/shop\/wp-content\/uploads\/2018\/04\/Verlag_Keiper_25_StundenLesung_LeserInnen_Literatur_Graz_10-100x100.jpg 100w, https:\/\/www.editionkeiper.at\/shop\/wp-content\/uploads\/2018\/04\/Verlag_Keiper_25_StundenLesung_LeserInnen_Literatur_Graz_10-120x120.jpg 120w\" \/><\/a>\n\t\t\t<\/dt><\/dl><dl class='gallery-item'>\n\t\t\t<dt class='gallery-icon landscape'>\n\t\t\t\t<a href='https:\/\/www.editionkeiper.at\/shop\/wp-content\/uploads\/2018\/04\/Verlag_Keiper_25_StundenLesung_LeserInnen_Literatur_Graz_11.jpg'><img loading=\"lazy\" loading=\"lazy\" decoding=\"async\" width=\"150\" height=\"150\" src=\"https:\/\/www.editionkeiper.at\/shop\/wp-content\/uploads\/xstore\/xstore-placeholder-10x10.png\" class=\"attachment-thumbnail size-thumbnail lazyload lazyload-simple et-lazyload-fadeIn\" alt=\"\" sizes=\"auto, (max-width: 150px) 100vw, 150px\" data-src=\"https:\/\/www.editionkeiper.at\/shop\/wp-content\/uploads\/2018\/04\/Verlag_Keiper_25_StundenLesung_LeserInnen_Literatur_Graz_11-150x150.jpg\" data-srcset=\"https:\/\/www.editionkeiper.at\/shop\/wp-content\/uploads\/2018\/04\/Verlag_Keiper_25_StundenLesung_LeserInnen_Literatur_Graz_11-150x150.jpg 150w, https:\/\/www.editionkeiper.at\/shop\/wp-content\/uploads\/2018\/04\/Verlag_Keiper_25_StundenLesung_LeserInnen_Literatur_Graz_11-100x100.jpg 100w, https:\/\/www.editionkeiper.at\/shop\/wp-content\/uploads\/2018\/04\/Verlag_Keiper_25_StundenLesung_LeserInnen_Literatur_Graz_11-120x120.jpg 120w\" \/><\/a>\n\t\t\t<\/dt><\/dl><dl class='gallery-item'>\n\t\t\t<dt class='gallery-icon landscape'>\n\t\t\t\t<a href='https:\/\/www.editionkeiper.at\/shop\/wp-content\/uploads\/2018\/04\/Verlag_Keiper_25_StundenLesung_LeserInnen_Literatur_Graz_13.jpg'><img loading=\"lazy\" loading=\"lazy\" decoding=\"async\" width=\"150\" height=\"150\" src=\"https:\/\/www.editionkeiper.at\/shop\/wp-content\/uploads\/xstore\/xstore-placeholder-10x10.png\" class=\"attachment-thumbnail size-thumbnail lazyload lazyload-simple et-lazyload-fadeIn\" alt=\"\" sizes=\"auto, (max-width: 150px) 100vw, 150px\" data-src=\"https:\/\/www.editionkeiper.at\/shop\/wp-content\/uploads\/2018\/04\/Verlag_Keiper_25_StundenLesung_LeserInnen_Literatur_Graz_13-150x150.jpg\" data-srcset=\"https:\/\/www.editionkeiper.at\/shop\/wp-content\/uploads\/2018\/04\/Verlag_Keiper_25_StundenLesung_LeserInnen_Literatur_Graz_13-150x150.jpg 150w, https:\/\/www.editionkeiper.at\/shop\/wp-content\/uploads\/2018\/04\/Verlag_Keiper_25_StundenLesung_LeserInnen_Literatur_Graz_13-100x100.jpg 100w, https:\/\/www.editionkeiper.at\/shop\/wp-content\/uploads\/2018\/04\/Verlag_Keiper_25_StundenLesung_LeserInnen_Literatur_Graz_13-120x120.jpg 120w\" \/><\/a>\n\t\t\t<\/dt><\/dl><br style=\"clear: both\" \/><dl class='gallery-item'>\n\t\t\t<dt class='gallery-icon landscape'>\n\t\t\t\t<a href='https:\/\/www.editionkeiper.at\/shop\/wp-content\/uploads\/2018\/04\/Verlag_Keiper_25_StundenLesung_LeserInnen_Literatur_Graz_14.jpg'><img loading=\"lazy\" loading=\"lazy\" decoding=\"async\" width=\"150\" height=\"150\" src=\"https:\/\/www.editionkeiper.at\/shop\/wp-content\/uploads\/xstore\/xstore-placeholder-10x10.png\" class=\"attachment-thumbnail size-thumbnail lazyload lazyload-simple et-lazyload-fadeIn\" alt=\"\" sizes=\"auto, (max-width: 150px) 100vw, 150px\" data-src=\"https:\/\/www.editionkeiper.at\/shop\/wp-content\/uploads\/2018\/04\/Verlag_Keiper_25_StundenLesung_LeserInnen_Literatur_Graz_14-150x150.jpg\" data-srcset=\"https:\/\/www.editionkeiper.at\/shop\/wp-content\/uploads\/2018\/04\/Verlag_Keiper_25_StundenLesung_LeserInnen_Literatur_Graz_14-150x150.jpg 150w, https:\/\/www.editionkeiper.at\/shop\/wp-content\/uploads\/2018\/04\/Verlag_Keiper_25_StundenLesung_LeserInnen_Literatur_Graz_14-100x100.jpg 100w, https:\/\/www.editionkeiper.at\/shop\/wp-content\/uploads\/2018\/04\/Verlag_Keiper_25_StundenLesung_LeserInnen_Literatur_Graz_14-120x120.jpg 120w\" \/><\/a>\n\t\t\t<\/dt><\/dl><dl class='gallery-item'>\n\t\t\t<dt class='gallery-icon landscape'>\n\t\t\t\t<a href='https:\/\/www.editionkeiper.at\/shop\/wp-content\/uploads\/2018\/04\/Verlag_Keiper_25_StundenLesung_LeserInnen_Literatur_Graz_15.jpg'><img loading=\"lazy\" loading=\"lazy\" decoding=\"async\" width=\"150\" height=\"150\" src=\"https:\/\/www.editionkeiper.at\/shop\/wp-content\/uploads\/xstore\/xstore-placeholder-10x10.png\" class=\"attachment-thumbnail size-thumbnail lazyload lazyload-simple et-lazyload-fadeIn\" alt=\"\" sizes=\"auto, (max-width: 150px) 100vw, 150px\" data-src=\"https:\/\/www.editionkeiper.at\/shop\/wp-content\/uploads\/2018\/04\/Verlag_Keiper_25_StundenLesung_LeserInnen_Literatur_Graz_15-150x150.jpg\" data-srcset=\"https:\/\/www.editionkeiper.at\/shop\/wp-content\/uploads\/2018\/04\/Verlag_Keiper_25_StundenLesung_LeserInnen_Literatur_Graz_15-150x150.jpg 150w, https:\/\/www.editionkeiper.at\/shop\/wp-content\/uploads\/2018\/04\/Verlag_Keiper_25_StundenLesung_LeserInnen_Literatur_Graz_15-100x100.jpg 100w, https:\/\/www.editionkeiper.at\/shop\/wp-content\/uploads\/2018\/04\/Verlag_Keiper_25_StundenLesung_LeserInnen_Literatur_Graz_15-120x120.jpg 120w\" \/><\/a>\n\t\t\t<\/dt><\/dl><dl class='gallery-item'>\n\t\t\t<dt class='gallery-icon landscape'>\n\t\t\t\t<a href='https:\/\/www.editionkeiper.at\/shop\/wp-content\/uploads\/2018\/04\/Verlag_Keiper_25_StundenLesung_LeserInnen_Literatur_Graz_16.jpg'><img loading=\"lazy\" loading=\"lazy\" decoding=\"async\" width=\"150\" height=\"150\" src=\"https:\/\/www.editionkeiper.at\/shop\/wp-content\/uploads\/xstore\/xstore-placeholder-10x10.png\" class=\"attachment-thumbnail size-thumbnail lazyload lazyload-simple et-lazyload-fadeIn\" alt=\"\" sizes=\"auto, (max-width: 150px) 100vw, 150px\" data-src=\"https:\/\/www.editionkeiper.at\/shop\/wp-content\/uploads\/2018\/04\/Verlag_Keiper_25_StundenLesung_LeserInnen_Literatur_Graz_16-150x150.jpg\" data-srcset=\"https:\/\/www.editionkeiper.at\/shop\/wp-content\/uploads\/2018\/04\/Verlag_Keiper_25_StundenLesung_LeserInnen_Literatur_Graz_16-150x150.jpg 150w, https:\/\/www.editionkeiper.at\/shop\/wp-content\/uploads\/2018\/04\/Verlag_Keiper_25_StundenLesung_LeserInnen_Literatur_Graz_16-100x100.jpg 100w, https:\/\/www.editionkeiper.at\/shop\/wp-content\/uploads\/2018\/04\/Verlag_Keiper_25_StundenLesung_LeserInnen_Literatur_Graz_16-120x120.jpg 120w\" \/><\/a>\n\t\t\t<\/dt><\/dl><dl class='gallery-item'>\n\t\t\t<dt class='gallery-icon landscape'>\n\t\t\t\t<a href='https:\/\/www.editionkeiper.at\/shop\/wp-content\/uploads\/2018\/04\/Verlag_Keiper_25_StundenLesung_LeserInnen_Literatur_Graz_17.jpg'><img loading=\"lazy\" loading=\"lazy\" decoding=\"async\" width=\"150\" height=\"150\" src=\"https:\/\/www.editionkeiper.at\/shop\/wp-content\/uploads\/xstore\/xstore-placeholder-10x10.png\" class=\"attachment-thumbnail size-thumbnail lazyload lazyload-simple et-lazyload-fadeIn\" alt=\"\" sizes=\"auto, (max-width: 150px) 100vw, 150px\" data-src=\"https:\/\/www.editionkeiper.at\/shop\/wp-content\/uploads\/2018\/04\/Verlag_Keiper_25_StundenLesung_LeserInnen_Literatur_Graz_17-150x150.jpg\" data-srcset=\"https:\/\/www.editionkeiper.at\/shop\/wp-content\/uploads\/2018\/04\/Verlag_Keiper_25_StundenLesung_LeserInnen_Literatur_Graz_17-150x150.jpg 150w, https:\/\/www.editionkeiper.at\/shop\/wp-content\/uploads\/2018\/04\/Verlag_Keiper_25_StundenLesung_LeserInnen_Literatur_Graz_17-100x100.jpg 100w, https:\/\/www.editionkeiper.at\/shop\/wp-content\/uploads\/2018\/04\/Verlag_Keiper_25_StundenLesung_LeserInnen_Literatur_Graz_17-120x120.jpg 120w\" \/><\/a>\n\t\t\t<\/dt><\/dl><br style=\"clear: both\" \/><dl class='gallery-item'>\n\t\t\t<dt class='gallery-icon landscape'>\n\t\t\t\t<a href='https:\/\/www.editionkeiper.at\/shop\/wp-content\/uploads\/2018\/04\/Verlag_Keiper_25_StundenLesung_LeserInnen_Literatur_Graz_18.jpg'><img loading=\"lazy\" loading=\"lazy\" decoding=\"async\" width=\"150\" height=\"150\" src=\"https:\/\/www.editionkeiper.at\/shop\/wp-content\/uploads\/xstore\/xstore-placeholder-10x10.png\" class=\"attachment-thumbnail size-thumbnail lazyload lazyload-simple et-lazyload-fadeIn\" alt=\"\" sizes=\"auto, (max-width: 150px) 100vw, 150px\" data-src=\"https:\/\/www.editionkeiper.at\/shop\/wp-content\/uploads\/2018\/04\/Verlag_Keiper_25_StundenLesung_LeserInnen_Literatur_Graz_18-150x150.jpg\" data-srcset=\"https:\/\/www.editionkeiper.at\/shop\/wp-content\/uploads\/2018\/04\/Verlag_Keiper_25_StundenLesung_LeserInnen_Literatur_Graz_18-150x150.jpg 150w, https:\/\/www.editionkeiper.at\/shop\/wp-content\/uploads\/2018\/04\/Verlag_Keiper_25_StundenLesung_LeserInnen_Literatur_Graz_18-100x100.jpg 100w, https:\/\/www.editionkeiper.at\/shop\/wp-content\/uploads\/2018\/04\/Verlag_Keiper_25_StundenLesung_LeserInnen_Literatur_Graz_18-120x120.jpg 120w\" \/><\/a>\n\t\t\t<\/dt><\/dl><dl class='gallery-item'>\n\t\t\t<dt class='gallery-icon landscape'>\n\t\t\t\t<a href='https:\/\/www.editionkeiper.at\/shop\/wp-content\/uploads\/2018\/04\/Verlag_Keiper_25_StundenLesung_LeserInnen_Literatur_Graz_19.jpg'><img loading=\"lazy\" loading=\"lazy\" decoding=\"async\" width=\"150\" height=\"150\" src=\"https:\/\/www.editionkeiper.at\/shop\/wp-content\/uploads\/xstore\/xstore-placeholder-10x10.png\" class=\"attachment-thumbnail size-thumbnail lazyload lazyload-simple et-lazyload-fadeIn\" alt=\"\" sizes=\"auto, (max-width: 150px) 100vw, 150px\" data-src=\"https:\/\/www.editionkeiper.at\/shop\/wp-content\/uploads\/2018\/04\/Verlag_Keiper_25_StundenLesung_LeserInnen_Literatur_Graz_19-150x150.jpg\" data-srcset=\"https:\/\/www.editionkeiper.at\/shop\/wp-content\/uploads\/2018\/04\/Verlag_Keiper_25_StundenLesung_LeserInnen_Literatur_Graz_19-150x150.jpg 150w, https:\/\/www.editionkeiper.at\/shop\/wp-content\/uploads\/2018\/04\/Verlag_Keiper_25_StundenLesung_LeserInnen_Literatur_Graz_19-100x100.jpg 100w, https:\/\/www.editionkeiper.at\/shop\/wp-content\/uploads\/2018\/04\/Verlag_Keiper_25_StundenLesung_LeserInnen_Literatur_Graz_19-120x120.jpg 120w\" \/><\/a>\n\t\t\t<\/dt><\/dl><dl class='gallery-item'>\n\t\t\t<dt class='gallery-icon landscape'>\n\t\t\t\t<a href='https:\/\/www.editionkeiper.at\/shop\/wp-content\/uploads\/2018\/04\/Verlag_Keiper_25_StundenLesung_LeserInnen_Literatur_Graz_20.jpg'><img loading=\"lazy\" loading=\"lazy\" decoding=\"async\" width=\"150\" height=\"150\" src=\"https:\/\/www.editionkeiper.at\/shop\/wp-content\/uploads\/xstore\/xstore-placeholder-10x10.png\" class=\"attachment-thumbnail size-thumbnail lazyload lazyload-simple et-lazyload-fadeIn\" alt=\"\" sizes=\"auto, (max-width: 150px) 100vw, 150px\" data-src=\"https:\/\/www.editionkeiper.at\/shop\/wp-content\/uploads\/2018\/04\/Verlag_Keiper_25_StundenLesung_LeserInnen_Literatur_Graz_20-150x150.jpg\" data-srcset=\"https:\/\/www.editionkeiper.at\/shop\/wp-content\/uploads\/2018\/04\/Verlag_Keiper_25_StundenLesung_LeserInnen_Literatur_Graz_20-150x150.jpg 150w, https:\/\/www.editionkeiper.at\/shop\/wp-content\/uploads\/2018\/04\/Verlag_Keiper_25_StundenLesung_LeserInnen_Literatur_Graz_20-100x100.jpg 100w, https:\/\/www.editionkeiper.at\/shop\/wp-content\/uploads\/2018\/04\/Verlag_Keiper_25_StundenLesung_LeserInnen_Literatur_Graz_20-120x120.jpg 120w\" \/><\/a>\n\t\t\t<\/dt><\/dl><dl class='gallery-item'>\n\t\t\t<dt class='gallery-icon landscape'>\n\t\t\t\t<a href='https:\/\/www.editionkeiper.at\/shop\/wp-content\/uploads\/2018\/04\/Verlag_Keiper_25_StundenLesung_LeserInnen_Literatur_Graz_22.jpg'><img loading=\"lazy\" loading=\"lazy\" decoding=\"async\" width=\"150\" height=\"150\" src=\"https:\/\/www.editionkeiper.at\/shop\/wp-content\/uploads\/xstore\/xstore-placeholder-10x10.png\" class=\"attachment-thumbnail size-thumbnail lazyload lazyload-simple et-lazyload-fadeIn\" alt=\"\" sizes=\"auto, (max-width: 150px) 100vw, 150px\" data-src=\"https:\/\/www.editionkeiper.at\/shop\/wp-content\/uploads\/2018\/04\/Verlag_Keiper_25_StundenLesung_LeserInnen_Literatur_Graz_22-150x150.jpg\" data-srcset=\"https:\/\/www.editionkeiper.at\/shop\/wp-content\/uploads\/2018\/04\/Verlag_Keiper_25_StundenLesung_LeserInnen_Literatur_Graz_22-150x150.jpg 150w, https:\/\/www.editionkeiper.at\/shop\/wp-content\/uploads\/2018\/04\/Verlag_Keiper_25_StundenLesung_LeserInnen_Literatur_Graz_22-100x100.jpg 100w, https:\/\/www.editionkeiper.at\/shop\/wp-content\/uploads\/2018\/04\/Verlag_Keiper_25_StundenLesung_LeserInnen_Literatur_Graz_22-120x120.jpg 120w\" \/><\/a>\n\t\t\t<\/dt><\/dl><br style=\"clear: both\" \/><dl class='gallery-item'>\n\t\t\t<dt class='gallery-icon landscape'>\n\t\t\t\t<a href='https:\/\/www.editionkeiper.at\/shop\/wp-content\/uploads\/2018\/04\/Verlag_Keiper_25_StundenLesung_LeserInnen_Literatur_Graz_23.jpg'><img loading=\"lazy\" loading=\"lazy\" decoding=\"async\" width=\"150\" height=\"150\" src=\"https:\/\/www.editionkeiper.at\/shop\/wp-content\/uploads\/xstore\/xstore-placeholder-10x10.png\" class=\"attachment-thumbnail size-thumbnail lazyload lazyload-simple et-lazyload-fadeIn\" alt=\"\" sizes=\"auto, (max-width: 150px) 100vw, 150px\" data-src=\"https:\/\/www.editionkeiper.at\/shop\/wp-content\/uploads\/2018\/04\/Verlag_Keiper_25_StundenLesung_LeserInnen_Literatur_Graz_23-150x150.jpg\" data-srcset=\"https:\/\/www.editionkeiper.at\/shop\/wp-content\/uploads\/2018\/04\/Verlag_Keiper_25_StundenLesung_LeserInnen_Literatur_Graz_23-150x150.jpg 150w, https:\/\/www.editionkeiper.at\/shop\/wp-content\/uploads\/2018\/04\/Verlag_Keiper_25_StundenLesung_LeserInnen_Literatur_Graz_23-100x100.jpg 100w, https:\/\/www.editionkeiper.at\/shop\/wp-content\/uploads\/2018\/04\/Verlag_Keiper_25_StundenLesung_LeserInnen_Literatur_Graz_23-120x120.jpg 120w\" \/><\/a>\n\t\t\t<\/dt><\/dl><dl class='gallery-item'>\n\t\t\t<dt class='gallery-icon landscape'>\n\t\t\t\t<a href='https:\/\/www.editionkeiper.at\/shop\/wp-content\/uploads\/2018\/04\/Verlag_Keiper_25_StundenLesung_LeserInnen_Literatur_Graz_24.jpg'><img loading=\"lazy\" loading=\"lazy\" decoding=\"async\" width=\"150\" height=\"150\" src=\"https:\/\/www.editionkeiper.at\/shop\/wp-content\/uploads\/xstore\/xstore-placeholder-10x10.png\" class=\"attachment-thumbnail size-thumbnail lazyload lazyload-simple et-lazyload-fadeIn\" alt=\"\" sizes=\"auto, (max-width: 150px) 100vw, 150px\" data-src=\"https:\/\/www.editionkeiper.at\/shop\/wp-content\/uploads\/2018\/04\/Verlag_Keiper_25_StundenLesung_LeserInnen_Literatur_Graz_24-150x150.jpg\" data-srcset=\"https:\/\/www.editionkeiper.at\/shop\/wp-content\/uploads\/2018\/04\/Verlag_Keiper_25_StundenLesung_LeserInnen_Literatur_Graz_24-150x150.jpg 150w, https:\/\/www.editionkeiper.at\/shop\/wp-content\/uploads\/2018\/04\/Verlag_Keiper_25_StundenLesung_LeserInnen_Literatur_Graz_24-100x100.jpg 100w, https:\/\/www.editionkeiper.at\/shop\/wp-content\/uploads\/2018\/04\/Verlag_Keiper_25_StundenLesung_LeserInnen_Literatur_Graz_24-120x120.jpg 120w\" \/><\/a>\n\t\t\t<\/dt><\/dl><dl class='gallery-item'>\n\t\t\t<dt class='gallery-icon landscape'>\n\t\t\t\t<a href='https:\/\/www.editionkeiper.at\/shop\/wp-content\/uploads\/2018\/04\/Verlag_Keiper_25_StundenLesung_LeserInnen_Literatur_Graz_25.jpg'><img loading=\"lazy\" loading=\"lazy\" decoding=\"async\" width=\"150\" height=\"150\" src=\"https:\/\/www.editionkeiper.at\/shop\/wp-content\/uploads\/xstore\/xstore-placeholder-10x10.png\" class=\"attachment-thumbnail size-thumbnail lazyload lazyload-simple et-lazyload-fadeIn\" alt=\"\" sizes=\"auto, (max-width: 150px) 100vw, 150px\" data-src=\"https:\/\/www.editionkeiper.at\/shop\/wp-content\/uploads\/2018\/04\/Verlag_Keiper_25_StundenLesung_LeserInnen_Literatur_Graz_25-150x150.jpg\" data-srcset=\"https:\/\/www.editionkeiper.at\/shop\/wp-content\/uploads\/2018\/04\/Verlag_Keiper_25_StundenLesung_LeserInnen_Literatur_Graz_25-150x150.jpg 150w, https:\/\/www.editionkeiper.at\/shop\/wp-content\/uploads\/2018\/04\/Verlag_Keiper_25_StundenLesung_LeserInnen_Literatur_Graz_25-100x100.jpg 100w, https:\/\/www.editionkeiper.at\/shop\/wp-content\/uploads\/2018\/04\/Verlag_Keiper_25_StundenLesung_LeserInnen_Literatur_Graz_25-120x120.jpg 120w\" \/><\/a>\n\t\t\t<\/dt><\/dl><dl class='gallery-item'>\n\t\t\t<dt class='gallery-icon landscape'>\n\t\t\t\t<a href='https:\/\/www.editionkeiper.at\/shop\/wp-content\/uploads\/2018\/04\/Verlag_Keiper_25_StundenLesung_LeserInnen_Literatur_Graz_26.jpg'><img loading=\"lazy\" loading=\"lazy\" decoding=\"async\" width=\"150\" height=\"150\" src=\"https:\/\/www.editionkeiper.at\/shop\/wp-content\/uploads\/xstore\/xstore-placeholder-10x10.png\" class=\"attachment-thumbnail size-thumbnail lazyload lazyload-simple et-lazyload-fadeIn\" alt=\"\" sizes=\"auto, (max-width: 150px) 100vw, 150px\" data-src=\"https:\/\/www.editionkeiper.at\/shop\/wp-content\/uploads\/2018\/04\/Verlag_Keiper_25_StundenLesung_LeserInnen_Literatur_Graz_26-150x150.jpg\" data-srcset=\"https:\/\/www.editionkeiper.at\/shop\/wp-content\/uploads\/2018\/04\/Verlag_Keiper_25_StundenLesung_LeserInnen_Literatur_Graz_26-150x150.jpg 150w, https:\/\/www.editionkeiper.at\/shop\/wp-content\/uploads\/2018\/04\/Verlag_Keiper_25_StundenLesung_LeserInnen_Literatur_Graz_26-100x100.jpg 100w, https:\/\/www.editionkeiper.at\/shop\/wp-content\/uploads\/2018\/04\/Verlag_Keiper_25_StundenLesung_LeserInnen_Literatur_Graz_26-120x120.jpg 120w\" \/><\/a>\n\t\t\t<\/dt><\/dl><br style=\"clear: both\" \/><dl class='gallery-item'>\n\t\t\t<dt class='gallery-icon landscape'>\n\t\t\t\t<a href='https:\/\/www.editionkeiper.at\/shop\/wp-content\/uploads\/2018\/04\/Verlag_Keiper_25_StundenLesung_LeserInnen_Literatur_Graz_28.jpg'><img loading=\"lazy\" loading=\"lazy\" decoding=\"async\" width=\"150\" height=\"150\" src=\"https:\/\/www.editionkeiper.at\/shop\/wp-content\/uploads\/xstore\/xstore-placeholder-10x10.png\" class=\"attachment-thumbnail size-thumbnail lazyload lazyload-simple et-lazyload-fadeIn\" alt=\"\" sizes=\"auto, (max-width: 150px) 100vw, 150px\" data-src=\"https:\/\/www.editionkeiper.at\/shop\/wp-content\/uploads\/2018\/04\/Verlag_Keiper_25_StundenLesung_LeserInnen_Literatur_Graz_28-150x150.jpg\" data-srcset=\"https:\/\/www.editionkeiper.at\/shop\/wp-content\/uploads\/2018\/04\/Verlag_Keiper_25_StundenLesung_LeserInnen_Literatur_Graz_28-150x150.jpg 150w, https:\/\/www.editionkeiper.at\/shop\/wp-content\/uploads\/2018\/04\/Verlag_Keiper_25_StundenLesung_LeserInnen_Literatur_Graz_28-100x100.jpg 100w, https:\/\/www.editionkeiper.at\/shop\/wp-content\/uploads\/2018\/04\/Verlag_Keiper_25_StundenLesung_LeserInnen_Literatur_Graz_28-120x120.jpg 120w\" \/><\/a>\n\t\t\t<\/dt><\/dl><dl class='gallery-item'>\n\t\t\t<dt class='gallery-icon landscape'>\n\t\t\t\t<a href='https:\/\/www.editionkeiper.at\/shop\/wp-content\/uploads\/2018\/04\/Verlag_Keiper_25_StundenLesung_LeserInnen_Literatur_Graz_29.jpg'><img loading=\"lazy\" loading=\"lazy\" decoding=\"async\" width=\"150\" height=\"150\" src=\"https:\/\/www.editionkeiper.at\/shop\/wp-content\/uploads\/xstore\/xstore-placeholder-10x10.png\" class=\"attachment-thumbnail size-thumbnail lazyload lazyload-simple et-lazyload-fadeIn\" alt=\"\" sizes=\"auto, (max-width: 150px) 100vw, 150px\" data-src=\"https:\/\/www.editionkeiper.at\/shop\/wp-content\/uploads\/2018\/04\/Verlag_Keiper_25_StundenLesung_LeserInnen_Literatur_Graz_29-150x150.jpg\" data-srcset=\"https:\/\/www.editionkeiper.at\/shop\/wp-content\/uploads\/2018\/04\/Verlag_Keiper_25_StundenLesung_LeserInnen_Literatur_Graz_29-150x150.jpg 150w, https:\/\/www.editionkeiper.at\/shop\/wp-content\/uploads\/2018\/04\/Verlag_Keiper_25_StundenLesung_LeserInnen_Literatur_Graz_29-100x100.jpg 100w, https:\/\/www.editionkeiper.at\/shop\/wp-content\/uploads\/2018\/04\/Verlag_Keiper_25_StundenLesung_LeserInnen_Literatur_Graz_29-120x120.jpg 120w\" \/><\/a>\n\t\t\t<\/dt><\/dl><dl class='gallery-item'>\n\t\t\t<dt class='gallery-icon landscape'>\n\t\t\t\t<a href='https:\/\/www.editionkeiper.at\/shop\/wp-content\/uploads\/2018\/04\/Verlag_Keiper_25_StundenLesung_LeserInnen_Literatur_Graz_31.jpg'><img loading=\"lazy\" loading=\"lazy\" decoding=\"async\" width=\"150\" height=\"150\" src=\"https:\/\/www.editionkeiper.at\/shop\/wp-content\/uploads\/xstore\/xstore-placeholder-10x10.png\" class=\"attachment-thumbnail size-thumbnail lazyload lazyload-simple et-lazyload-fadeIn\" alt=\"\" sizes=\"auto, (max-width: 150px) 100vw, 150px\" data-src=\"https:\/\/www.editionkeiper.at\/shop\/wp-content\/uploads\/2018\/04\/Verlag_Keiper_25_StundenLesung_LeserInnen_Literatur_Graz_31-150x150.jpg\" data-srcset=\"https:\/\/www.editionkeiper.at\/shop\/wp-content\/uploads\/2018\/04\/Verlag_Keiper_25_StundenLesung_LeserInnen_Literatur_Graz_31-150x150.jpg 150w, https:\/\/www.editionkeiper.at\/shop\/wp-content\/uploads\/2018\/04\/Verlag_Keiper_25_StundenLesung_LeserInnen_Literatur_Graz_31-100x100.jpg 100w, https:\/\/www.editionkeiper.at\/shop\/wp-content\/uploads\/2018\/04\/Verlag_Keiper_25_StundenLesung_LeserInnen_Literatur_Graz_31-120x120.jpg 120w\" \/><\/a>\n\t\t\t<\/dt><\/dl><dl class='gallery-item'>\n\t\t\t<dt class='gallery-icon landscape'>\n\t\t\t\t<a href='https:\/\/www.editionkeiper.at\/shop\/wp-content\/uploads\/2018\/04\/Verlag_Keiper_25_StundenLesung_LeserInnen_Literatur_Graz_32.jpg'><img loading=\"lazy\" loading=\"lazy\" decoding=\"async\" width=\"150\" height=\"150\" src=\"https:\/\/www.editionkeiper.at\/shop\/wp-content\/uploads\/xstore\/xstore-placeholder-10x10.png\" class=\"attachment-thumbnail size-thumbnail lazyload lazyload-simple et-lazyload-fadeIn\" alt=\"\" sizes=\"auto, (max-width: 150px) 100vw, 150px\" data-src=\"https:\/\/www.editionkeiper.at\/shop\/wp-content\/uploads\/2018\/04\/Verlag_Keiper_25_StundenLesung_LeserInnen_Literatur_Graz_32-150x150.jpg\" data-srcset=\"https:\/\/www.editionkeiper.at\/shop\/wp-content\/uploads\/2018\/04\/Verlag_Keiper_25_StundenLesung_LeserInnen_Literatur_Graz_32-150x150.jpg 150w, https:\/\/www.editionkeiper.at\/shop\/wp-content\/uploads\/2018\/04\/Verlag_Keiper_25_StundenLesung_LeserInnen_Literatur_Graz_32-100x100.jpg 100w, https:\/\/www.editionkeiper.at\/shop\/wp-content\/uploads\/2018\/04\/Verlag_Keiper_25_StundenLesung_LeserInnen_Literatur_Graz_32-120x120.jpg 120w\" \/><\/a>\n\t\t\t<\/dt><\/dl><br style=\"clear: both\" \/><dl class='gallery-item'>\n\t\t\t<dt class='gallery-icon landscape'>\n\t\t\t\t<a href='https:\/\/www.editionkeiper.at\/shop\/wp-content\/uploads\/2018\/04\/Verlag_Keiper_25_StundenLesung_LeserInnen_Literatur_Graz_33.jpg'><img loading=\"lazy\" loading=\"lazy\" decoding=\"async\" width=\"150\" height=\"150\" src=\"https:\/\/www.editionkeiper.at\/shop\/wp-content\/uploads\/xstore\/xstore-placeholder-10x10.png\" class=\"attachment-thumbnail size-thumbnail lazyload lazyload-simple et-lazyload-fadeIn\" alt=\"\" sizes=\"auto, (max-width: 150px) 100vw, 150px\" data-src=\"https:\/\/www.editionkeiper.at\/shop\/wp-content\/uploads\/2018\/04\/Verlag_Keiper_25_StundenLesung_LeserInnen_Literatur_Graz_33-150x150.jpg\" data-srcset=\"https:\/\/www.editionkeiper.at\/shop\/wp-content\/uploads\/2018\/04\/Verlag_Keiper_25_StundenLesung_LeserInnen_Literatur_Graz_33-150x150.jpg 150w, https:\/\/www.editionkeiper.at\/shop\/wp-content\/uploads\/2018\/04\/Verlag_Keiper_25_StundenLesung_LeserInnen_Literatur_Graz_33-100x100.jpg 100w, https:\/\/www.editionkeiper.at\/shop\/wp-content\/uploads\/2018\/04\/Verlag_Keiper_25_StundenLesung_LeserInnen_Literatur_Graz_33-120x120.jpg 120w\" \/><\/a>\n\t\t\t<\/dt><\/dl><dl class='gallery-item'>\n\t\t\t<dt class='gallery-icon landscape'>\n\t\t\t\t<a href='https:\/\/www.editionkeiper.at\/shop\/wp-content\/uploads\/2018\/04\/Verlag_Keiper_25_StundenLesung_LeserInnen_Literatur_Graz_35.jpg'><img loading=\"lazy\" loading=\"lazy\" decoding=\"async\" width=\"150\" height=\"150\" src=\"https:\/\/www.editionkeiper.at\/shop\/wp-content\/uploads\/xstore\/xstore-placeholder-10x10.png\" class=\"attachment-thumbnail size-thumbnail lazyload lazyload-simple et-lazyload-fadeIn\" alt=\"\" sizes=\"auto, (max-width: 150px) 100vw, 150px\" data-src=\"https:\/\/www.editionkeiper.at\/shop\/wp-content\/uploads\/2018\/04\/Verlag_Keiper_25_StundenLesung_LeserInnen_Literatur_Graz_35-150x150.jpg\" data-srcset=\"https:\/\/www.editionkeiper.at\/shop\/wp-content\/uploads\/2018\/04\/Verlag_Keiper_25_StundenLesung_LeserInnen_Literatur_Graz_35-150x150.jpg 150w, https:\/\/www.editionkeiper.at\/shop\/wp-content\/uploads\/2018\/04\/Verlag_Keiper_25_StundenLesung_LeserInnen_Literatur_Graz_35-100x100.jpg 100w, https:\/\/www.editionkeiper.at\/shop\/wp-content\/uploads\/2018\/04\/Verlag_Keiper_25_StundenLesung_LeserInnen_Literatur_Graz_35-120x120.jpg 120w\" \/><\/a>\n\t\t\t<\/dt><\/dl><dl class='gallery-item'>\n\t\t\t<dt class='gallery-icon landscape'>\n\t\t\t\t<a href='https:\/\/www.editionkeiper.at\/shop\/wp-content\/uploads\/2018\/04\/Verlag_Keiper_25_StundenLesung_LeserInnen_Literatur_Graz_36.jpg'><img loading=\"lazy\" loading=\"lazy\" decoding=\"async\" width=\"150\" height=\"150\" src=\"https:\/\/www.editionkeiper.at\/shop\/wp-content\/uploads\/xstore\/xstore-placeholder-10x10.png\" class=\"attachment-thumbnail size-thumbnail lazyload lazyload-simple et-lazyload-fadeIn\" alt=\"\" sizes=\"auto, (max-width: 150px) 100vw, 150px\" data-src=\"https:\/\/www.editionkeiper.at\/shop\/wp-content\/uploads\/2018\/04\/Verlag_Keiper_25_StundenLesung_LeserInnen_Literatur_Graz_36-150x150.jpg\" data-srcset=\"https:\/\/www.editionkeiper.at\/shop\/wp-content\/uploads\/2018\/04\/Verlag_Keiper_25_StundenLesung_LeserInnen_Literatur_Graz_36-150x150.jpg 150w, https:\/\/www.editionkeiper.at\/shop\/wp-content\/uploads\/2018\/04\/Verlag_Keiper_25_StundenLesung_LeserInnen_Literatur_Graz_36-100x100.jpg 100w, https:\/\/www.editionkeiper.at\/shop\/wp-content\/uploads\/2018\/04\/Verlag_Keiper_25_StundenLesung_LeserInnen_Literatur_Graz_36-120x120.jpg 120w\" \/><\/a>\n\t\t\t<\/dt><\/dl><dl class='gallery-item'>\n\t\t\t<dt class='gallery-icon landscape'>\n\t\t\t\t<a href='https:\/\/www.editionkeiper.at\/shop\/wp-content\/uploads\/2018\/04\/Verlag_Keiper_25_StundenLesung_LeserInnen_Literatur_Graz_38.jpg'><img loading=\"lazy\" loading=\"lazy\" decoding=\"async\" width=\"150\" height=\"150\" src=\"https:\/\/www.editionkeiper.at\/shop\/wp-content\/uploads\/xstore\/xstore-placeholder-10x10.png\" class=\"attachment-thumbnail size-thumbnail lazyload lazyload-simple et-lazyload-fadeIn\" alt=\"\" sizes=\"auto, (max-width: 150px) 100vw, 150px\" data-src=\"https:\/\/www.editionkeiper.at\/shop\/wp-content\/uploads\/2018\/04\/Verlag_Keiper_25_StundenLesung_LeserInnen_Literatur_Graz_38-150x150.jpg\" data-srcset=\"https:\/\/www.editionkeiper.at\/shop\/wp-content\/uploads\/2018\/04\/Verlag_Keiper_25_StundenLesung_LeserInnen_Literatur_Graz_38-150x150.jpg 150w, https:\/\/www.editionkeiper.at\/shop\/wp-content\/uploads\/2018\/04\/Verlag_Keiper_25_StundenLesung_LeserInnen_Literatur_Graz_38-100x100.jpg 100w, https:\/\/www.editionkeiper.at\/shop\/wp-content\/uploads\/2018\/04\/Verlag_Keiper_25_StundenLesung_LeserInnen_Literatur_Graz_38-120x120.jpg 120w\" \/><\/a>\n\t\t\t<\/dt><\/dl><br style=\"clear: both\" \/><dl class='gallery-item'>\n\t\t\t<dt class='gallery-icon landscape'>\n\t\t\t\t<a href='https:\/\/www.editionkeiper.at\/shop\/wp-content\/uploads\/2018\/04\/Verlag_Keiper_25_StundenLesung_LeserInnen_Literatur_Graz_39.jpg'><img loading=\"lazy\" loading=\"lazy\" decoding=\"async\" width=\"150\" height=\"150\" src=\"https:\/\/www.editionkeiper.at\/shop\/wp-content\/uploads\/xstore\/xstore-placeholder-10x10.png\" class=\"attachment-thumbnail size-thumbnail lazyload lazyload-simple et-lazyload-fadeIn\" alt=\"\" sizes=\"auto, (max-width: 150px) 100vw, 150px\" data-src=\"https:\/\/www.editionkeiper.at\/shop\/wp-content\/uploads\/2018\/04\/Verlag_Keiper_25_StundenLesung_LeserInnen_Literatur_Graz_39-150x150.jpg\" data-srcset=\"https:\/\/www.editionkeiper.at\/shop\/wp-content\/uploads\/2018\/04\/Verlag_Keiper_25_StundenLesung_LeserInnen_Literatur_Graz_39-150x150.jpg 150w, https:\/\/www.editionkeiper.at\/shop\/wp-content\/uploads\/2018\/04\/Verlag_Keiper_25_StundenLesung_LeserInnen_Literatur_Graz_39-100x100.jpg 100w, https:\/\/www.editionkeiper.at\/shop\/wp-content\/uploads\/2018\/04\/Verlag_Keiper_25_StundenLesung_LeserInnen_Literatur_Graz_39-120x120.jpg 120w\" \/><\/a>\n\t\t\t<\/dt><\/dl><dl class='gallery-item'>\n\t\t\t<dt class='gallery-icon landscape'>\n\t\t\t\t<a href='https:\/\/www.editionkeiper.at\/shop\/wp-content\/uploads\/2018\/04\/Verlag_Keiper_25_StundenLesung_LeserInnen_Literatur_Graz_40.jpg'><img loading=\"lazy\" loading=\"lazy\" decoding=\"async\" width=\"150\" height=\"150\" src=\"https:\/\/www.editionkeiper.at\/shop\/wp-content\/uploads\/xstore\/xstore-placeholder-10x10.png\" class=\"attachment-thumbnail size-thumbnail lazyload lazyload-simple et-lazyload-fadeIn\" alt=\"\" sizes=\"auto, (max-width: 150px) 100vw, 150px\" data-src=\"https:\/\/www.editionkeiper.at\/shop\/wp-content\/uploads\/2018\/04\/Verlag_Keiper_25_StundenLesung_LeserInnen_Literatur_Graz_40-150x150.jpg\" data-srcset=\"https:\/\/www.editionkeiper.at\/shop\/wp-content\/uploads\/2018\/04\/Verlag_Keiper_25_StundenLesung_LeserInnen_Literatur_Graz_40-150x150.jpg 150w, https:\/\/www.editionkeiper.at\/shop\/wp-content\/uploads\/2018\/04\/Verlag_Keiper_25_StundenLesung_LeserInnen_Literatur_Graz_40-100x100.jpg 100w, https:\/\/www.editionkeiper.at\/shop\/wp-content\/uploads\/2018\/04\/Verlag_Keiper_25_StundenLesung_LeserInnen_Literatur_Graz_40-120x120.jpg 120w\" \/><\/a>\n\t\t\t<\/dt><\/dl><dl class='gallery-item'>\n\t\t\t<dt class='gallery-icon landscape'>\n\t\t\t\t<a href='https:\/\/www.editionkeiper.at\/shop\/wp-content\/uploads\/2018\/04\/Verlag_Keiper_25_StundenLesung_LeserInnen_Literatur_Graz_41.jpg'><img loading=\"lazy\" loading=\"lazy\" decoding=\"async\" width=\"150\" height=\"150\" src=\"https:\/\/www.editionkeiper.at\/shop\/wp-content\/uploads\/xstore\/xstore-placeholder-10x10.png\" class=\"attachment-thumbnail size-thumbnail lazyload lazyload-simple et-lazyload-fadeIn\" alt=\"\" sizes=\"auto, (max-width: 150px) 100vw, 150px\" data-src=\"https:\/\/www.editionkeiper.at\/shop\/wp-content\/uploads\/2018\/04\/Verlag_Keiper_25_StundenLesung_LeserInnen_Literatur_Graz_41-150x150.jpg\" data-srcset=\"https:\/\/www.editionkeiper.at\/shop\/wp-content\/uploads\/2018\/04\/Verlag_Keiper_25_StundenLesung_LeserInnen_Literatur_Graz_41-150x150.jpg 150w, https:\/\/www.editionkeiper.at\/shop\/wp-content\/uploads\/2018\/04\/Verlag_Keiper_25_StundenLesung_LeserInnen_Literatur_Graz_41-100x100.jpg 100w, https:\/\/www.editionkeiper.at\/shop\/wp-content\/uploads\/2018\/04\/Verlag_Keiper_25_StundenLesung_LeserInnen_Literatur_Graz_41-120x120.jpg 120w\" \/><\/a>\n\t\t\t<\/dt><\/dl><dl class='gallery-item'>\n\t\t\t<dt class='gallery-icon landscape'>\n\t\t\t\t<a href='https:\/\/www.editionkeiper.at\/shop\/wp-content\/uploads\/2018\/04\/Verlag_Keiper_25_StundenLesung_LeserInnen_Literatur_Graz_42.jpg'><img loading=\"lazy\" loading=\"lazy\" decoding=\"async\" width=\"150\" height=\"150\" src=\"https:\/\/www.editionkeiper.at\/shop\/wp-content\/uploads\/xstore\/xstore-placeholder-10x10.png\" class=\"attachment-thumbnail size-thumbnail lazyload lazyload-simple et-lazyload-fadeIn\" alt=\"\" sizes=\"auto, (max-width: 150px) 100vw, 150px\" data-src=\"https:\/\/www.editionkeiper.at\/shop\/wp-content\/uploads\/2018\/04\/Verlag_Keiper_25_StundenLesung_LeserInnen_Literatur_Graz_42-150x150.jpg\" data-srcset=\"https:\/\/www.editionkeiper.at\/shop\/wp-content\/uploads\/2018\/04\/Verlag_Keiper_25_StundenLesung_LeserInnen_Literatur_Graz_42-150x150.jpg 150w, https:\/\/www.editionkeiper.at\/shop\/wp-content\/uploads\/2018\/04\/Verlag_Keiper_25_StundenLesung_LeserInnen_Literatur_Graz_42-100x100.jpg 100w, https:\/\/www.editionkeiper.at\/shop\/wp-content\/uploads\/2018\/04\/Verlag_Keiper_25_StundenLesung_LeserInnen_Literatur_Graz_42-120x120.jpg 120w\" \/><\/a>\n\t\t\t<\/dt><\/dl><br style=\"clear: both\" \/><dl class='gallery-item'>\n\t\t\t<dt class='gallery-icon landscape'>\n\t\t\t\t<a href='https:\/\/www.editionkeiper.at\/shop\/wp-content\/uploads\/2018\/04\/Verlag_Keiper_25_StundenLesung_LeserInnen_Literatur_Graz_43.jpg'><img loading=\"lazy\" loading=\"lazy\" decoding=\"async\" width=\"150\" height=\"150\" src=\"https:\/\/www.editionkeiper.at\/shop\/wp-content\/uploads\/xstore\/xstore-placeholder-10x10.png\" class=\"attachment-thumbnail size-thumbnail lazyload lazyload-simple et-lazyload-fadeIn\" alt=\"\" sizes=\"auto, (max-width: 150px) 100vw, 150px\" data-src=\"https:\/\/www.editionkeiper.at\/shop\/wp-content\/uploads\/2018\/04\/Verlag_Keiper_25_StundenLesung_LeserInnen_Literatur_Graz_43-150x150.jpg\" data-srcset=\"https:\/\/www.editionkeiper.at\/shop\/wp-content\/uploads\/2018\/04\/Verlag_Keiper_25_StundenLesung_LeserInnen_Literatur_Graz_43-150x150.jpg 150w, https:\/\/www.editionkeiper.at\/shop\/wp-content\/uploads\/2018\/04\/Verlag_Keiper_25_StundenLesung_LeserInnen_Literatur_Graz_43-100x100.jpg 100w, https:\/\/www.editionkeiper.at\/shop\/wp-content\/uploads\/2018\/04\/Verlag_Keiper_25_StundenLesung_LeserInnen_Literatur_Graz_43-120x120.jpg 120w\" \/><\/a>\n\t\t\t<\/dt><\/dl><dl class='gallery-item'>\n\t\t\t<dt class='gallery-icon landscape'>\n\t\t\t\t<a href='https:\/\/www.editionkeiper.at\/shop\/wp-content\/uploads\/2018\/04\/Verlag_Keiper_25_StundenLesung_LeserInnen_Literatur_Graz_45.jpg'><img loading=\"lazy\" loading=\"lazy\" decoding=\"async\" width=\"150\" height=\"150\" src=\"https:\/\/www.editionkeiper.at\/shop\/wp-content\/uploads\/xstore\/xstore-placeholder-10x10.png\" class=\"attachment-thumbnail size-thumbnail lazyload lazyload-simple et-lazyload-fadeIn\" alt=\"\" sizes=\"auto, (max-width: 150px) 100vw, 150px\" data-src=\"https:\/\/www.editionkeiper.at\/shop\/wp-content\/uploads\/2018\/04\/Verlag_Keiper_25_StundenLesung_LeserInnen_Literatur_Graz_45-150x150.jpg\" data-srcset=\"https:\/\/www.editionkeiper.at\/shop\/wp-content\/uploads\/2018\/04\/Verlag_Keiper_25_StundenLesung_LeserInnen_Literatur_Graz_45-150x150.jpg 150w, https:\/\/www.editionkeiper.at\/shop\/wp-content\/uploads\/2018\/04\/Verlag_Keiper_25_StundenLesung_LeserInnen_Literatur_Graz_45-100x100.jpg 100w, https:\/\/www.editionkeiper.at\/shop\/wp-content\/uploads\/2018\/04\/Verlag_Keiper_25_StundenLesung_LeserInnen_Literatur_Graz_45-120x120.jpg 120w\" \/><\/a>\n\t\t\t<\/dt><\/dl><dl class='gallery-item'>\n\t\t\t<dt class='gallery-icon landscape'>\n\t\t\t\t<a href='https:\/\/www.editionkeiper.at\/shop\/wp-content\/uploads\/2018\/04\/Verlag_Keiper_25_StundenLesung_LeserInnen_Literatur_Graz_46.jpg'><img loading=\"lazy\" loading=\"lazy\" decoding=\"async\" width=\"150\" height=\"150\" src=\"https:\/\/www.editionkeiper.at\/shop\/wp-content\/uploads\/xstore\/xstore-placeholder-10x10.png\" class=\"attachment-thumbnail size-thumbnail lazyload lazyload-simple et-lazyload-fadeIn\" alt=\"\" sizes=\"auto, (max-width: 150px) 100vw, 150px\" data-src=\"https:\/\/www.editionkeiper.at\/shop\/wp-content\/uploads\/2018\/04\/Verlag_Keiper_25_StundenLesung_LeserInnen_Literatur_Graz_46-150x150.jpg\" data-srcset=\"https:\/\/www.editionkeiper.at\/shop\/wp-content\/uploads\/2018\/04\/Verlag_Keiper_25_StundenLesung_LeserInnen_Literatur_Graz_46-150x150.jpg 150w, https:\/\/www.editionkeiper.at\/shop\/wp-content\/uploads\/2018\/04\/Verlag_Keiper_25_StundenLesung_LeserInnen_Literatur_Graz_46-100x100.jpg 100w, https:\/\/www.editionkeiper.at\/shop\/wp-content\/uploads\/2018\/04\/Verlag_Keiper_25_StundenLesung_LeserInnen_Literatur_Graz_46-120x120.jpg 120w\" \/><\/a>\n\t\t\t<\/dt><\/dl><dl class='gallery-item'>\n\t\t\t<dt class='gallery-icon landscape'>\n\t\t\t\t<a href='https:\/\/www.editionkeiper.at\/shop\/wp-content\/uploads\/2018\/04\/Verlag_Keiper_25_StundenLesung_LeserInnen_Literatur_Graz_48.jpg'><img loading=\"lazy\" loading=\"lazy\" decoding=\"async\" width=\"150\" height=\"150\" src=\"https:\/\/www.editionkeiper.at\/shop\/wp-content\/uploads\/xstore\/xstore-placeholder-10x10.png\" class=\"attachment-thumbnail size-thumbnail lazyload lazyload-simple et-lazyload-fadeIn\" alt=\"\" sizes=\"auto, (max-width: 150px) 100vw, 150px\" data-src=\"https:\/\/www.editionkeiper.at\/shop\/wp-content\/uploads\/2018\/04\/Verlag_Keiper_25_StundenLesung_LeserInnen_Literatur_Graz_48-150x150.jpg\" data-srcset=\"https:\/\/www.editionkeiper.at\/shop\/wp-content\/uploads\/2018\/04\/Verlag_Keiper_25_StundenLesung_LeserInnen_Literatur_Graz_48-150x150.jpg 150w, https:\/\/www.editionkeiper.at\/shop\/wp-content\/uploads\/2018\/04\/Verlag_Keiper_25_StundenLesung_LeserInnen_Literatur_Graz_48-100x100.jpg 100w, https:\/\/www.editionkeiper.at\/shop\/wp-content\/uploads\/2018\/04\/Verlag_Keiper_25_StundenLesung_LeserInnen_Literatur_Graz_48-120x120.jpg 120w\" \/><\/a>\n\t\t\t<\/dt><\/dl><br style=\"clear: both\" \/><dl class='gallery-item'>\n\t\t\t<dt class='gallery-icon landscape'>\n\t\t\t\t<a href='https:\/\/www.editionkeiper.at\/shop\/wp-content\/uploads\/2018\/04\/Verlag_Keiper_25_StundenLesung_LeserInnen_Literatur_Graz_49.jpg'><img loading=\"lazy\" loading=\"lazy\" decoding=\"async\" width=\"150\" height=\"150\" src=\"https:\/\/www.editionkeiper.at\/shop\/wp-content\/uploads\/xstore\/xstore-placeholder-10x10.png\" class=\"attachment-thumbnail size-thumbnail lazyload lazyload-simple et-lazyload-fadeIn\" alt=\"\" sizes=\"auto, (max-width: 150px) 100vw, 150px\" data-src=\"https:\/\/www.editionkeiper.at\/shop\/wp-content\/uploads\/2018\/04\/Verlag_Keiper_25_StundenLesung_LeserInnen_Literatur_Graz_49-150x150.jpg\" data-srcset=\"https:\/\/www.editionkeiper.at\/shop\/wp-content\/uploads\/2018\/04\/Verlag_Keiper_25_StundenLesung_LeserInnen_Literatur_Graz_49-150x150.jpg 150w, https:\/\/www.editionkeiper.at\/shop\/wp-content\/uploads\/2018\/04\/Verlag_Keiper_25_StundenLesung_LeserInnen_Literatur_Graz_49-100x100.jpg 100w, https:\/\/www.editionkeiper.at\/shop\/wp-content\/uploads\/2018\/04\/Verlag_Keiper_25_StundenLesung_LeserInnen_Literatur_Graz_49-120x120.jpg 120w\" \/><\/a>\n\t\t\t<\/dt><\/dl><dl class='gallery-item'>\n\t\t\t<dt class='gallery-icon landscape'>\n\t\t\t\t<a href='https:\/\/www.editionkeiper.at\/shop\/wp-content\/uploads\/2018\/04\/Verlag_Keiper_25_StundenLesung_LeserInnen_Literatur_Graz_50.jpg'><img loading=\"lazy\" loading=\"lazy\" decoding=\"async\" width=\"150\" height=\"150\" src=\"https:\/\/www.editionkeiper.at\/shop\/wp-content\/uploads\/xstore\/xstore-placeholder-10x10.png\" class=\"attachment-thumbnail size-thumbnail lazyload lazyload-simple et-lazyload-fadeIn\" alt=\"\" sizes=\"auto, (max-width: 150px) 100vw, 150px\" data-src=\"https:\/\/www.editionkeiper.at\/shop\/wp-content\/uploads\/2018\/04\/Verlag_Keiper_25_StundenLesung_LeserInnen_Literatur_Graz_50-150x150.jpg\" data-srcset=\"https:\/\/www.editionkeiper.at\/shop\/wp-content\/uploads\/2018\/04\/Verlag_Keiper_25_StundenLesung_LeserInnen_Literatur_Graz_50-150x150.jpg 150w, https:\/\/www.editionkeiper.at\/shop\/wp-content\/uploads\/2018\/04\/Verlag_Keiper_25_StundenLesung_LeserInnen_Literatur_Graz_50-100x100.jpg 100w, https:\/\/www.editionkeiper.at\/shop\/wp-content\/uploads\/2018\/04\/Verlag_Keiper_25_StundenLesung_LeserInnen_Literatur_Graz_50-120x120.jpg 120w\" \/><\/a>\n\t\t\t<\/dt><\/dl><dl class='gallery-item'>\n\t\t\t<dt class='gallery-icon landscape'>\n\t\t\t\t<a href='https:\/\/www.editionkeiper.at\/shop\/wp-content\/uploads\/2018\/04\/Verlag_Keiper_25_StundenLesung_LeserInnen_Literatur_Graz_51.jpg'><img loading=\"lazy\" loading=\"lazy\" decoding=\"async\" width=\"150\" height=\"150\" src=\"https:\/\/www.editionkeiper.at\/shop\/wp-content\/uploads\/xstore\/xstore-placeholder-10x10.png\" class=\"attachment-thumbnail size-thumbnail lazyload lazyload-simple et-lazyload-fadeIn\" alt=\"\" sizes=\"auto, (max-width: 150px) 100vw, 150px\" data-src=\"https:\/\/www.editionkeiper.at\/shop\/wp-content\/uploads\/2018\/04\/Verlag_Keiper_25_StundenLesung_LeserInnen_Literatur_Graz_51-150x150.jpg\" data-srcset=\"https:\/\/www.editionkeiper.at\/shop\/wp-content\/uploads\/2018\/04\/Verlag_Keiper_25_StundenLesung_LeserInnen_Literatur_Graz_51-150x150.jpg 150w, https:\/\/www.editionkeiper.at\/shop\/wp-content\/uploads\/2018\/04\/Verlag_Keiper_25_StundenLesung_LeserInnen_Literatur_Graz_51-100x100.jpg 100w, https:\/\/www.editionkeiper.at\/shop\/wp-content\/uploads\/2018\/04\/Verlag_Keiper_25_StundenLesung_LeserInnen_Literatur_Graz_51-120x120.jpg 120w\" \/><\/a>\n\t\t\t<\/dt><\/dl><dl class='gallery-item'>\n\t\t\t<dt class='gallery-icon landscape'>\n\t\t\t\t<a href='https:\/\/www.editionkeiper.at\/shop\/wp-content\/uploads\/2018\/04\/Verlag_Keiper_25_StundenLesung_LeserInnen_Literatur_Graz_52.jpg'><img loading=\"lazy\" loading=\"lazy\" decoding=\"async\" width=\"150\" height=\"150\" src=\"https:\/\/www.editionkeiper.at\/shop\/wp-content\/uploads\/xstore\/xstore-placeholder-10x10.png\" class=\"attachment-thumbnail size-thumbnail lazyload lazyload-simple et-lazyload-fadeIn\" alt=\"\" sizes=\"auto, (max-width: 150px) 100vw, 150px\" data-src=\"https:\/\/www.editionkeiper.at\/shop\/wp-content\/uploads\/2018\/04\/Verlag_Keiper_25_StundenLesung_LeserInnen_Literatur_Graz_52-150x150.jpg\" data-srcset=\"https:\/\/www.editionkeiper.at\/shop\/wp-content\/uploads\/2018\/04\/Verlag_Keiper_25_StundenLesung_LeserInnen_Literatur_Graz_52-150x150.jpg 150w, https:\/\/www.editionkeiper.at\/shop\/wp-content\/uploads\/2018\/04\/Verlag_Keiper_25_StundenLesung_LeserInnen_Literatur_Graz_52-100x100.jpg 100w, https:\/\/www.editionkeiper.at\/shop\/wp-content\/uploads\/2018\/04\/Verlag_Keiper_25_StundenLesung_LeserInnen_Literatur_Graz_52-120x120.jpg 120w\" \/><\/a>\n\t\t\t<\/dt><\/dl><br style=\"clear: both\" \/><dl class='gallery-item'>\n\t\t\t<dt class='gallery-icon landscape'>\n\t\t\t\t<a href='https:\/\/www.editionkeiper.at\/shop\/wp-content\/uploads\/2018\/04\/Verlag_Keiper_25_StundenLesung_LeserInnen_Literatur_Graz_53.jpg'><img loading=\"lazy\" loading=\"lazy\" decoding=\"async\" width=\"150\" height=\"150\" src=\"https:\/\/www.editionkeiper.at\/shop\/wp-content\/uploads\/xstore\/xstore-placeholder-10x10.png\" class=\"attachment-thumbnail size-thumbnail lazyload lazyload-simple et-lazyload-fadeIn\" alt=\"\" sizes=\"auto, (max-width: 150px) 100vw, 150px\" data-src=\"https:\/\/www.editionkeiper.at\/shop\/wp-content\/uploads\/2018\/04\/Verlag_Keiper_25_StundenLesung_LeserInnen_Literatur_Graz_53-150x150.jpg\" data-srcset=\"https:\/\/www.editionkeiper.at\/shop\/wp-content\/uploads\/2018\/04\/Verlag_Keiper_25_StundenLesung_LeserInnen_Literatur_Graz_53-150x150.jpg 150w, https:\/\/www.editionkeiper.at\/shop\/wp-content\/uploads\/2018\/04\/Verlag_Keiper_25_StundenLesung_LeserInnen_Literatur_Graz_53-100x100.jpg 100w, https:\/\/www.editionkeiper.at\/shop\/wp-content\/uploads\/2018\/04\/Verlag_Keiper_25_StundenLesung_LeserInnen_Literatur_Graz_53-120x120.jpg 120w\" \/><\/a>\n\t\t\t<\/dt><\/dl><dl class='gallery-item'>\n\t\t\t<dt class='gallery-icon landscape'>\n\t\t\t\t<a href='https:\/\/www.editionkeiper.at\/shop\/wp-content\/uploads\/2018\/04\/Verlag_Keiper_25_StundenLesung_LeserInnen_Literatur_Graz_54.jpg'><img loading=\"lazy\" loading=\"lazy\" decoding=\"async\" width=\"150\" height=\"150\" src=\"https:\/\/www.editionkeiper.at\/shop\/wp-content\/uploads\/xstore\/xstore-placeholder-10x10.png\" class=\"attachment-thumbnail size-thumbnail lazyload lazyload-simple et-lazyload-fadeIn\" alt=\"\" sizes=\"auto, (max-width: 150px) 100vw, 150px\" data-src=\"https:\/\/www.editionkeiper.at\/shop\/wp-content\/uploads\/2018\/04\/Verlag_Keiper_25_StundenLesung_LeserInnen_Literatur_Graz_54-150x150.jpg\" data-srcset=\"https:\/\/www.editionkeiper.at\/shop\/wp-content\/uploads\/2018\/04\/Verlag_Keiper_25_StundenLesung_LeserInnen_Literatur_Graz_54-150x150.jpg 150w, https:\/\/www.editionkeiper.at\/shop\/wp-content\/uploads\/2018\/04\/Verlag_Keiper_25_StundenLesung_LeserInnen_Literatur_Graz_54-100x100.jpg 100w, https:\/\/www.editionkeiper.at\/shop\/wp-content\/uploads\/2018\/04\/Verlag_Keiper_25_StundenLesung_LeserInnen_Literatur_Graz_54-120x120.jpg 120w\" \/><\/a>\n\t\t\t<\/dt><\/dl><dl class='gallery-item'>\n\t\t\t<dt class='gallery-icon landscape'>\n\t\t\t\t<a href='https:\/\/www.editionkeiper.at\/shop\/wp-content\/uploads\/2018\/04\/Verlag_Keiper_25_StundenLesung_LeserInnen_Literatur_Graz_55.jpg'><img loading=\"lazy\" loading=\"lazy\" decoding=\"async\" width=\"150\" height=\"150\" src=\"https:\/\/www.editionkeiper.at\/shop\/wp-content\/uploads\/xstore\/xstore-placeholder-10x10.png\" class=\"attachment-thumbnail size-thumbnail lazyload lazyload-simple et-lazyload-fadeIn\" alt=\"\" sizes=\"auto, (max-width: 150px) 100vw, 150px\" data-src=\"https:\/\/www.editionkeiper.at\/shop\/wp-content\/uploads\/2018\/04\/Verlag_Keiper_25_StundenLesung_LeserInnen_Literatur_Graz_55-150x150.jpg\" data-srcset=\"https:\/\/www.editionkeiper.at\/shop\/wp-content\/uploads\/2018\/04\/Verlag_Keiper_25_StundenLesung_LeserInnen_Literatur_Graz_55-150x150.jpg 150w, https:\/\/www.editionkeiper.at\/shop\/wp-content\/uploads\/2018\/04\/Verlag_Keiper_25_StundenLesung_LeserInnen_Literatur_Graz_55-100x100.jpg 100w, https:\/\/www.editionkeiper.at\/shop\/wp-content\/uploads\/2018\/04\/Verlag_Keiper_25_StundenLesung_LeserInnen_Literatur_Graz_55-120x120.jpg 120w\" \/><\/a>\n\t\t\t<\/dt><\/dl><dl class='gallery-item'>\n\t\t\t<dt class='gallery-icon landscape'>\n\t\t\t\t<a href='https:\/\/www.editionkeiper.at\/shop\/wp-content\/uploads\/2018\/04\/Verlag_Keiper_25_StundenLesung_LeserInnen_Literatur_Graz_56.jpg'><img loading=\"lazy\" loading=\"lazy\" decoding=\"async\" width=\"150\" height=\"150\" src=\"https:\/\/www.editionkeiper.at\/shop\/wp-content\/uploads\/xstore\/xstore-placeholder-10x10.png\" class=\"attachment-thumbnail size-thumbnail lazyload lazyload-simple et-lazyload-fadeIn\" alt=\"\" sizes=\"auto, (max-width: 150px) 100vw, 150px\" data-src=\"https:\/\/www.editionkeiper.at\/shop\/wp-content\/uploads\/2018\/04\/Verlag_Keiper_25_StundenLesung_LeserInnen_Literatur_Graz_56-150x150.jpg\" data-srcset=\"https:\/\/www.editionkeiper.at\/shop\/wp-content\/uploads\/2018\/04\/Verlag_Keiper_25_StundenLesung_LeserInnen_Literatur_Graz_56-150x150.jpg 150w, https:\/\/www.editionkeiper.at\/shop\/wp-content\/uploads\/2018\/04\/Verlag_Keiper_25_StundenLesung_LeserInnen_Literatur_Graz_56-100x100.jpg 100w, https:\/\/www.editionkeiper.at\/shop\/wp-content\/uploads\/2018\/04\/Verlag_Keiper_25_StundenLesung_LeserInnen_Literatur_Graz_56-120x120.jpg 120w\" \/><\/a>\n\t\t\t<\/dt><\/dl><br style=\"clear: both\" \/><dl class='gallery-item'>\n\t\t\t<dt class='gallery-icon landscape'>\n\t\t\t\t<a href='https:\/\/www.editionkeiper.at\/shop\/wp-content\/uploads\/2018\/04\/Verlag_Keiper_25_StundenLesung_LeserInnen_Literatur_Graz_57.jpg'><img loading=\"lazy\" loading=\"lazy\" decoding=\"async\" width=\"150\" height=\"150\" src=\"https:\/\/www.editionkeiper.at\/shop\/wp-content\/uploads\/xstore\/xstore-placeholder-10x10.png\" class=\"attachment-thumbnail size-thumbnail lazyload lazyload-simple et-lazyload-fadeIn\" alt=\"\" sizes=\"auto, (max-width: 150px) 100vw, 150px\" data-src=\"https:\/\/www.editionkeiper.at\/shop\/wp-content\/uploads\/2018\/04\/Verlag_Keiper_25_StundenLesung_LeserInnen_Literatur_Graz_57-150x150.jpg\" data-srcset=\"https:\/\/www.editionkeiper.at\/shop\/wp-content\/uploads\/2018\/04\/Verlag_Keiper_25_StundenLesung_LeserInnen_Literatur_Graz_57-150x150.jpg 150w, https:\/\/www.editionkeiper.at\/shop\/wp-content\/uploads\/2018\/04\/Verlag_Keiper_25_StundenLesung_LeserInnen_Literatur_Graz_57-100x100.jpg 100w, https:\/\/www.editionkeiper.at\/shop\/wp-content\/uploads\/2018\/04\/Verlag_Keiper_25_StundenLesung_LeserInnen_Literatur_Graz_57-120x120.jpg 120w\" \/><\/a>\n\t\t\t<\/dt><\/dl><dl class='gallery-item'>\n\t\t\t<dt class='gallery-icon landscape'>\n\t\t\t\t<a href='https:\/\/www.editionkeiper.at\/shop\/wp-content\/uploads\/2018\/04\/Verlag_Keiper_25_StundenLesung_LeserInnen_Literatur_Graz_59.jpg'><img loading=\"lazy\" loading=\"lazy\" decoding=\"async\" width=\"150\" height=\"150\" src=\"https:\/\/www.editionkeiper.at\/shop\/wp-content\/uploads\/xstore\/xstore-placeholder-10x10.png\" class=\"attachment-thumbnail size-thumbnail lazyload lazyload-simple et-lazyload-fadeIn\" alt=\"\" sizes=\"auto, (max-width: 150px) 100vw, 150px\" data-src=\"https:\/\/www.editionkeiper.at\/shop\/wp-content\/uploads\/2018\/04\/Verlag_Keiper_25_StundenLesung_LeserInnen_Literatur_Graz_59-150x150.jpg\" data-srcset=\"https:\/\/www.editionkeiper.at\/shop\/wp-content\/uploads\/2018\/04\/Verlag_Keiper_25_StundenLesung_LeserInnen_Literatur_Graz_59-150x150.jpg 150w, https:\/\/www.editionkeiper.at\/shop\/wp-content\/uploads\/2018\/04\/Verlag_Keiper_25_StundenLesung_LeserInnen_Literatur_Graz_59-100x100.jpg 100w, https:\/\/www.editionkeiper.at\/shop\/wp-content\/uploads\/2018\/04\/Verlag_Keiper_25_StundenLesung_LeserInnen_Literatur_Graz_59-120x120.jpg 120w\" \/><\/a>\n\t\t\t<\/dt><\/dl><dl class='gallery-item'>\n\t\t\t<dt class='gallery-icon landscape'>\n\t\t\t\t<a href='https:\/\/www.editionkeiper.at\/shop\/wp-content\/uploads\/2018\/04\/Verlag_Keiper_25_StundenLesung_LeserInnen_Literatur_Graz_60.jpg'><img loading=\"lazy\" loading=\"lazy\" decoding=\"async\" width=\"150\" height=\"150\" src=\"https:\/\/www.editionkeiper.at\/shop\/wp-content\/uploads\/xstore\/xstore-placeholder-10x10.png\" class=\"attachment-thumbnail size-thumbnail lazyload lazyload-simple et-lazyload-fadeIn\" alt=\"\" sizes=\"auto, (max-width: 150px) 100vw, 150px\" data-src=\"https:\/\/www.editionkeiper.at\/shop\/wp-content\/uploads\/2018\/04\/Verlag_Keiper_25_StundenLesung_LeserInnen_Literatur_Graz_60-150x150.jpg\" data-srcset=\"https:\/\/www.editionkeiper.at\/shop\/wp-content\/uploads\/2018\/04\/Verlag_Keiper_25_StundenLesung_LeserInnen_Literatur_Graz_60-150x150.jpg 150w, https:\/\/www.editionkeiper.at\/shop\/wp-content\/uploads\/2018\/04\/Verlag_Keiper_25_StundenLesung_LeserInnen_Literatur_Graz_60-100x100.jpg 100w, https:\/\/www.editionkeiper.at\/shop\/wp-content\/uploads\/2018\/04\/Verlag_Keiper_25_StundenLesung_LeserInnen_Literatur_Graz_60-120x120.jpg 120w\" \/><\/a>\n\t\t\t<\/dt><\/dl><dl class='gallery-item'>\n\t\t\t<dt class='gallery-icon landscape'>\n\t\t\t\t<a href='https:\/\/www.editionkeiper.at\/shop\/wp-content\/uploads\/2018\/04\/Verlag_Keiper_25_StundenLesung_LeserInnen_Literatur_Graz_61.jpg'><img loading=\"lazy\" loading=\"lazy\" decoding=\"async\" width=\"150\" height=\"150\" src=\"https:\/\/www.editionkeiper.at\/shop\/wp-content\/uploads\/xstore\/xstore-placeholder-10x10.png\" class=\"attachment-thumbnail size-thumbnail lazyload lazyload-simple et-lazyload-fadeIn\" alt=\"\" sizes=\"auto, (max-width: 150px) 100vw, 150px\" data-src=\"https:\/\/www.editionkeiper.at\/shop\/wp-content\/uploads\/2018\/04\/Verlag_Keiper_25_StundenLesung_LeserInnen_Literatur_Graz_61-150x150.jpg\" data-srcset=\"https:\/\/www.editionkeiper.at\/shop\/wp-content\/uploads\/2018\/04\/Verlag_Keiper_25_StundenLesung_LeserInnen_Literatur_Graz_61-150x150.jpg 150w, https:\/\/www.editionkeiper.at\/shop\/wp-content\/uploads\/2018\/04\/Verlag_Keiper_25_StundenLesung_LeserInnen_Literatur_Graz_61-100x100.jpg 100w, https:\/\/www.editionkeiper.at\/shop\/wp-content\/uploads\/2018\/04\/Verlag_Keiper_25_StundenLesung_LeserInnen_Literatur_Graz_61-120x120.jpg 120w\" \/><\/a>\n\t\t\t<\/dt><\/dl><br style=\"clear: both\" \/><dl class='gallery-item'>\n\t\t\t<dt class='gallery-icon landscape'>\n\t\t\t\t<a href='https:\/\/www.editionkeiper.at\/shop\/wp-content\/uploads\/2018\/04\/Verlag_Keiper_25_StundenLesung_LeserInnen_Literatur_Graz_62.jpg'><img loading=\"lazy\" loading=\"lazy\" decoding=\"async\" width=\"150\" height=\"150\" src=\"https:\/\/www.editionkeiper.at\/shop\/wp-content\/uploads\/xstore\/xstore-placeholder-10x10.png\" class=\"attachment-thumbnail size-thumbnail lazyload lazyload-simple et-lazyload-fadeIn\" alt=\"\" sizes=\"auto, (max-width: 150px) 100vw, 150px\" data-src=\"https:\/\/www.editionkeiper.at\/shop\/wp-content\/uploads\/2018\/04\/Verlag_Keiper_25_StundenLesung_LeserInnen_Literatur_Graz_62-150x150.jpg\" data-srcset=\"https:\/\/www.editionkeiper.at\/shop\/wp-content\/uploads\/2018\/04\/Verlag_Keiper_25_StundenLesung_LeserInnen_Literatur_Graz_62-150x150.jpg 150w, https:\/\/www.editionkeiper.at\/shop\/wp-content\/uploads\/2018\/04\/Verlag_Keiper_25_StundenLesung_LeserInnen_Literatur_Graz_62-100x100.jpg 100w, https:\/\/www.editionkeiper.at\/shop\/wp-content\/uploads\/2018\/04\/Verlag_Keiper_25_StundenLesung_LeserInnen_Literatur_Graz_62-120x120.jpg 120w\" \/><\/a>\n\t\t\t<\/dt><\/dl><dl class='gallery-item'>\n\t\t\t<dt class='gallery-icon landscape'>\n\t\t\t\t<a href='https:\/\/www.editionkeiper.at\/shop\/wp-content\/uploads\/2018\/04\/Verlag_Keiper_25_StundenLesung_LeserInnen_Literatur_Graz_63.jpg'><img loading=\"lazy\" loading=\"lazy\" decoding=\"async\" width=\"150\" height=\"150\" src=\"https:\/\/www.editionkeiper.at\/shop\/wp-content\/uploads\/xstore\/xstore-placeholder-10x10.png\" class=\"attachment-thumbnail size-thumbnail lazyload lazyload-simple et-lazyload-fadeIn\" alt=\"\" sizes=\"auto, (max-width: 150px) 100vw, 150px\" data-src=\"https:\/\/www.editionkeiper.at\/shop\/wp-content\/uploads\/2018\/04\/Verlag_Keiper_25_StundenLesung_LeserInnen_Literatur_Graz_63-150x150.jpg\" data-srcset=\"https:\/\/www.editionkeiper.at\/shop\/wp-content\/uploads\/2018\/04\/Verlag_Keiper_25_StundenLesung_LeserInnen_Literatur_Graz_63-150x150.jpg 150w, https:\/\/www.editionkeiper.at\/shop\/wp-content\/uploads\/2018\/04\/Verlag_Keiper_25_StundenLesung_LeserInnen_Literatur_Graz_63-100x100.jpg 100w, https:\/\/www.editionkeiper.at\/shop\/wp-content\/uploads\/2018\/04\/Verlag_Keiper_25_StundenLesung_LeserInnen_Literatur_Graz_63-120x120.jpg 120w\" \/><\/a>\n\t\t\t<\/dt><\/dl><dl class='gallery-item'>\n\t\t\t<dt class='gallery-icon landscape'>\n\t\t\t\t<a href='https:\/\/www.editionkeiper.at\/shop\/wp-content\/uploads\/2018\/04\/Verlag_Keiper_25_StundenLesung_LeserInnen_Literatur_Graz_64.jpg'><img loading=\"lazy\" loading=\"lazy\" decoding=\"async\" width=\"150\" height=\"150\" src=\"https:\/\/www.editionkeiper.at\/shop\/wp-content\/uploads\/xstore\/xstore-placeholder-10x10.png\" class=\"attachment-thumbnail size-thumbnail lazyload lazyload-simple et-lazyload-fadeIn\" alt=\"\" sizes=\"auto, (max-width: 150px) 100vw, 150px\" data-src=\"https:\/\/www.editionkeiper.at\/shop\/wp-content\/uploads\/2018\/04\/Verlag_Keiper_25_StundenLesung_LeserInnen_Literatur_Graz_64-150x150.jpg\" data-srcset=\"https:\/\/www.editionkeiper.at\/shop\/wp-content\/uploads\/2018\/04\/Verlag_Keiper_25_StundenLesung_LeserInnen_Literatur_Graz_64-150x150.jpg 150w, https:\/\/www.editionkeiper.at\/shop\/wp-content\/uploads\/2018\/04\/Verlag_Keiper_25_StundenLesung_LeserInnen_Literatur_Graz_64-100x100.jpg 100w, https:\/\/www.editionkeiper.at\/shop\/wp-content\/uploads\/2018\/04\/Verlag_Keiper_25_StundenLesung_LeserInnen_Literatur_Graz_64-120x120.jpg 120w\" \/><\/a>\n\t\t\t<\/dt><\/dl><dl class='gallery-item'>\n\t\t\t<dt class='gallery-icon landscape'>\n\t\t\t\t<a href='https:\/\/www.editionkeiper.at\/shop\/wp-content\/uploads\/2018\/04\/Verlag_Keiper_25_StundenLesung_LeserInnen_Literatur_Graz_65.jpg'><img loading=\"lazy\" loading=\"lazy\" decoding=\"async\" width=\"150\" height=\"150\" src=\"https:\/\/www.editionkeiper.at\/shop\/wp-content\/uploads\/xstore\/xstore-placeholder-10x10.png\" class=\"attachment-thumbnail size-thumbnail lazyload lazyload-simple et-lazyload-fadeIn\" alt=\"\" sizes=\"auto, (max-width: 150px) 100vw, 150px\" data-src=\"https:\/\/www.editionkeiper.at\/shop\/wp-content\/uploads\/2018\/04\/Verlag_Keiper_25_StundenLesung_LeserInnen_Literatur_Graz_65-150x150.jpg\" data-srcset=\"https:\/\/www.editionkeiper.at\/shop\/wp-content\/uploads\/2018\/04\/Verlag_Keiper_25_StundenLesung_LeserInnen_Literatur_Graz_65-150x150.jpg 150w, https:\/\/www.editionkeiper.at\/shop\/wp-content\/uploads\/2018\/04\/Verlag_Keiper_25_StundenLesung_LeserInnen_Literatur_Graz_65-100x100.jpg 100w, https:\/\/www.editionkeiper.at\/shop\/wp-content\/uploads\/2018\/04\/Verlag_Keiper_25_StundenLesung_LeserInnen_Literatur_Graz_65-120x120.jpg 120w\" \/><\/a>\n\t\t\t<\/dt><\/dl><br style=\"clear: both\" \/><dl class='gallery-item'>\n\t\t\t<dt class='gallery-icon landscape'>\n\t\t\t\t<a href='https:\/\/www.editionkeiper.at\/shop\/wp-content\/uploads\/2018\/04\/Verlag_Keiper_25_StundenLesung_LeserInnen_Literatur_Graz_66.jpg'><img loading=\"lazy\" loading=\"lazy\" decoding=\"async\" width=\"150\" height=\"150\" src=\"https:\/\/www.editionkeiper.at\/shop\/wp-content\/uploads\/xstore\/xstore-placeholder-10x10.png\" class=\"attachment-thumbnail size-thumbnail lazyload lazyload-simple et-lazyload-fadeIn\" alt=\"\" sizes=\"auto, (max-width: 150px) 100vw, 150px\" data-src=\"https:\/\/www.editionkeiper.at\/shop\/wp-content\/uploads\/2018\/04\/Verlag_Keiper_25_StundenLesung_LeserInnen_Literatur_Graz_66-150x150.jpg\" data-srcset=\"https:\/\/www.editionkeiper.at\/shop\/wp-content\/uploads\/2018\/04\/Verlag_Keiper_25_StundenLesung_LeserInnen_Literatur_Graz_66-150x150.jpg 150w, https:\/\/www.editionkeiper.at\/shop\/wp-content\/uploads\/2018\/04\/Verlag_Keiper_25_StundenLesung_LeserInnen_Literatur_Graz_66-100x100.jpg 100w, https:\/\/www.editionkeiper.at\/shop\/wp-content\/uploads\/2018\/04\/Verlag_Keiper_25_StundenLesung_LeserInnen_Literatur_Graz_66-120x120.jpg 120w\" \/><\/a>\n\t\t\t<\/dt><\/dl><dl class='gallery-item'>\n\t\t\t<dt class='gallery-icon landscape'>\n\t\t\t\t<a href='https:\/\/www.editionkeiper.at\/shop\/wp-content\/uploads\/2018\/04\/Verlag_Keiper_25_StundenLesung_LeserInnen_Literatur_Graz_67.jpg'><img loading=\"lazy\" loading=\"lazy\" decoding=\"async\" width=\"150\" height=\"150\" src=\"https:\/\/www.editionkeiper.at\/shop\/wp-content\/uploads\/xstore\/xstore-placeholder-10x10.png\" class=\"attachment-thumbnail size-thumbnail lazyload lazyload-simple et-lazyload-fadeIn\" alt=\"\" sizes=\"auto, (max-width: 150px) 100vw, 150px\" data-src=\"https:\/\/www.editionkeiper.at\/shop\/wp-content\/uploads\/2018\/04\/Verlag_Keiper_25_StundenLesung_LeserInnen_Literatur_Graz_67-150x150.jpg\" data-srcset=\"https:\/\/www.editionkeiper.at\/shop\/wp-content\/uploads\/2018\/04\/Verlag_Keiper_25_StundenLesung_LeserInnen_Literatur_Graz_67-150x150.jpg 150w, https:\/\/www.editionkeiper.at\/shop\/wp-content\/uploads\/2018\/04\/Verlag_Keiper_25_StundenLesung_LeserInnen_Literatur_Graz_67-100x100.jpg 100w, https:\/\/www.editionkeiper.at\/shop\/wp-content\/uploads\/2018\/04\/Verlag_Keiper_25_StundenLesung_LeserInnen_Literatur_Graz_67-120x120.jpg 120w\" \/><\/a>\n\t\t\t<\/dt><\/dl><dl class='gallery-item'>\n\t\t\t<dt class='gallery-icon landscape'>\n\t\t\t\t<a href='https:\/\/www.editionkeiper.at\/shop\/wp-content\/uploads\/2018\/04\/Verlag_Keiper_25_StundenLesung_LeserInnen_Literatur_Graz_68.jpg'><img loading=\"lazy\" loading=\"lazy\" decoding=\"async\" width=\"150\" height=\"150\" src=\"https:\/\/www.editionkeiper.at\/shop\/wp-content\/uploads\/xstore\/xstore-placeholder-10x10.png\" class=\"attachment-thumbnail size-thumbnail lazyload lazyload-simple et-lazyload-fadeIn\" alt=\"\" sizes=\"auto, (max-width: 150px) 100vw, 150px\" data-src=\"https:\/\/www.editionkeiper.at\/shop\/wp-content\/uploads\/2018\/04\/Verlag_Keiper_25_StundenLesung_LeserInnen_Literatur_Graz_68-150x150.jpg\" data-srcset=\"https:\/\/www.editionkeiper.at\/shop\/wp-content\/uploads\/2018\/04\/Verlag_Keiper_25_StundenLesung_LeserInnen_Literatur_Graz_68-150x150.jpg 150w, https:\/\/www.editionkeiper.at\/shop\/wp-content\/uploads\/2018\/04\/Verlag_Keiper_25_StundenLesung_LeserInnen_Literatur_Graz_68-100x100.jpg 100w, https:\/\/www.editionkeiper.at\/shop\/wp-content\/uploads\/2018\/04\/Verlag_Keiper_25_StundenLesung_LeserInnen_Literatur_Graz_68-120x120.jpg 120w\" \/><\/a>\n\t\t\t<\/dt><\/dl><dl class='gallery-item'>\n\t\t\t<dt class='gallery-icon landscape'>\n\t\t\t\t<a href='https:\/\/www.editionkeiper.at\/shop\/wp-content\/uploads\/2018\/04\/Verlag_Keiper_25_StundenLesung_LeserInnen_Literatur_Graz_70.jpg'><img loading=\"lazy\" loading=\"lazy\" decoding=\"async\" width=\"150\" height=\"150\" src=\"https:\/\/www.editionkeiper.at\/shop\/wp-content\/uploads\/xstore\/xstore-placeholder-10x10.png\" class=\"attachment-thumbnail size-thumbnail lazyload lazyload-simple et-lazyload-fadeIn\" alt=\"\" sizes=\"auto, (max-width: 150px) 100vw, 150px\" data-src=\"https:\/\/www.editionkeiper.at\/shop\/wp-content\/uploads\/2018\/04\/Verlag_Keiper_25_StundenLesung_LeserInnen_Literatur_Graz_70-150x150.jpg\" data-srcset=\"https:\/\/www.editionkeiper.at\/shop\/wp-content\/uploads\/2018\/04\/Verlag_Keiper_25_StundenLesung_LeserInnen_Literatur_Graz_70-150x150.jpg 150w, https:\/\/www.editionkeiper.at\/shop\/wp-content\/uploads\/2018\/04\/Verlag_Keiper_25_StundenLesung_LeserInnen_Literatur_Graz_70-100x100.jpg 100w, https:\/\/www.editionkeiper.at\/shop\/wp-content\/uploads\/2018\/04\/Verlag_Keiper_25_StundenLesung_LeserInnen_Literatur_Graz_70-120x120.jpg 120w\" \/><\/a>\n\t\t\t<\/dt><\/dl><br style=\"clear: both\" \/>\n\t\t<\/div>\n\n<p><strong>Klangwolke:<\/strong><\/p>\n\n\t\t<style type=\"text\/css\">\n\t\t\t#gallery-2 {\n\t\t\t\tmargin: auto;\n\t\t\t}\n\t\t\t#gallery-2 .gallery-item {\n\t\t\t\tfloat: left;\n\t\t\t\tmargin-top: 10px;\n\t\t\t\ttext-align: center;\n\t\t\t\twidth: 25%;\n\t\t\t}\n\t\t\t#gallery-2 img {\n\t\t\t\tborder: 2px solid #cfcfcf;\n\t\t\t}\n\t\t\t#gallery-2 .gallery-caption {\n\t\t\t\tmargin-left: 0;\n\t\t\t}\n\t\t\t\/* see gallery_shortcode() in wp-includes\/media.php *\/\n\t\t<\/style>\n\t\t<div id='gallery-2' class='gallery galleryid-3568 gallery-columns-4 gallery-size-thumbnail'><dl class='gallery-item'>\n\t\t\t<dt class='gallery-icon landscape'>\n\t\t\t\t<a href='https:\/\/www.editionkeiper.at\/shop\/wp-content\/uploads\/2018\/04\/Verlag_Keiper_25_StundenLesung_LeserInnen_Literatur_Graz_71.jpg'><img loading=\"lazy\" loading=\"lazy\" decoding=\"async\" width=\"150\" height=\"150\" src=\"https:\/\/www.editionkeiper.at\/shop\/wp-content\/uploads\/xstore\/xstore-placeholder-10x10.png\" class=\"attachment-thumbnail size-thumbnail lazyload lazyload-simple et-lazyload-fadeIn\" alt=\"\" sizes=\"auto, (max-width: 150px) 100vw, 150px\" data-src=\"https:\/\/www.editionkeiper.at\/shop\/wp-content\/uploads\/2018\/04\/Verlag_Keiper_25_StundenLesung_LeserInnen_Literatur_Graz_71-150x150.jpg\" data-srcset=\"https:\/\/www.editionkeiper.at\/shop\/wp-content\/uploads\/2018\/04\/Verlag_Keiper_25_StundenLesung_LeserInnen_Literatur_Graz_71-150x150.jpg 150w, https:\/\/www.editionkeiper.at\/shop\/wp-content\/uploads\/2018\/04\/Verlag_Keiper_25_StundenLesung_LeserInnen_Literatur_Graz_71-100x100.jpg 100w, https:\/\/www.editionkeiper.at\/shop\/wp-content\/uploads\/2018\/04\/Verlag_Keiper_25_StundenLesung_LeserInnen_Literatur_Graz_71-120x120.jpg 120w\" \/><\/a>\n\t\t\t<\/dt><\/dl><dl class='gallery-item'>\n\t\t\t<dt class='gallery-icon landscape'>\n\t\t\t\t<a href='https:\/\/www.editionkeiper.at\/shop\/wp-content\/uploads\/2018\/04\/Verlag_Keiper_25_StundenLesung_LeserInnen_Literatur_Graz_72.jpg'><img loading=\"lazy\" loading=\"lazy\" decoding=\"async\" width=\"150\" height=\"150\" src=\"https:\/\/www.editionkeiper.at\/shop\/wp-content\/uploads\/xstore\/xstore-placeholder-10x10.png\" class=\"attachment-thumbnail size-thumbnail lazyload lazyload-simple et-lazyload-fadeIn\" alt=\"\" sizes=\"auto, (max-width: 150px) 100vw, 150px\" data-src=\"https:\/\/www.editionkeiper.at\/shop\/wp-content\/uploads\/2018\/04\/Verlag_Keiper_25_StundenLesung_LeserInnen_Literatur_Graz_72-150x150.jpg\" data-srcset=\"https:\/\/www.editionkeiper.at\/shop\/wp-content\/uploads\/2018\/04\/Verlag_Keiper_25_StundenLesung_LeserInnen_Literatur_Graz_72-150x150.jpg 150w, https:\/\/www.editionkeiper.at\/shop\/wp-content\/uploads\/2018\/04\/Verlag_Keiper_25_StundenLesung_LeserInnen_Literatur_Graz_72-100x100.jpg 100w, https:\/\/www.editionkeiper.at\/shop\/wp-content\/uploads\/2018\/04\/Verlag_Keiper_25_StundenLesung_LeserInnen_Literatur_Graz_72-120x120.jpg 120w\" \/><\/a>\n\t\t\t<\/dt><\/dl><dl class='gallery-item'>\n\t\t\t<dt class='gallery-icon landscape'>\n\t\t\t\t<a href='https:\/\/www.editionkeiper.at\/shop\/wp-content\/uploads\/2018\/04\/Verlag_Keiper_25_StundenLesung_LeserInnen_Literatur_Graz_73.jpg'><img loading=\"lazy\" loading=\"lazy\" decoding=\"async\" width=\"150\" height=\"150\" src=\"https:\/\/www.editionkeiper.at\/shop\/wp-content\/uploads\/xstore\/xstore-placeholder-10x10.png\" class=\"attachment-thumbnail size-thumbnail lazyload lazyload-simple et-lazyload-fadeIn\" alt=\"\" sizes=\"auto, (max-width: 150px) 100vw, 150px\" data-src=\"https:\/\/www.editionkeiper.at\/shop\/wp-content\/uploads\/2018\/04\/Verlag_Keiper_25_StundenLesung_LeserInnen_Literatur_Graz_73-150x150.jpg\" data-srcset=\"https:\/\/www.editionkeiper.at\/shop\/wp-content\/uploads\/2018\/04\/Verlag_Keiper_25_StundenLesung_LeserInnen_Literatur_Graz_73-150x150.jpg 150w, https:\/\/www.editionkeiper.at\/shop\/wp-content\/uploads\/2018\/04\/Verlag_Keiper_25_StundenLesung_LeserInnen_Literatur_Graz_73-100x100.jpg 100w, https:\/\/www.editionkeiper.at\/shop\/wp-content\/uploads\/2018\/04\/Verlag_Keiper_25_StundenLesung_LeserInnen_Literatur_Graz_73-120x120.jpg 120w\" \/><\/a>\n\t\t\t<\/dt><\/dl><dl class='gallery-item'>\n\t\t\t<dt class='gallery-icon landscape'>\n\t\t\t\t<a href='https:\/\/www.editionkeiper.at\/shop\/wp-content\/uploads\/2018\/04\/Verlag_Keiper_25_StundenLesung_LeserInnen_Literatur_Graz_74.jpg'><img loading=\"lazy\" loading=\"lazy\" decoding=\"async\" width=\"150\" height=\"150\" src=\"https:\/\/www.editionkeiper.at\/shop\/wp-content\/uploads\/xstore\/xstore-placeholder-10x10.png\" class=\"attachment-thumbnail size-thumbnail lazyload lazyload-simple et-lazyload-fadeIn\" alt=\"\" sizes=\"auto, (max-width: 150px) 100vw, 150px\" data-src=\"https:\/\/www.editionkeiper.at\/shop\/wp-content\/uploads\/2018\/04\/Verlag_Keiper_25_StundenLesung_LeserInnen_Literatur_Graz_74-150x150.jpg\" data-srcset=\"https:\/\/www.editionkeiper.at\/shop\/wp-content\/uploads\/2018\/04\/Verlag_Keiper_25_StundenLesung_LeserInnen_Literatur_Graz_74-150x150.jpg 150w, https:\/\/www.editionkeiper.at\/shop\/wp-content\/uploads\/2018\/04\/Verlag_Keiper_25_StundenLesung_LeserInnen_Literatur_Graz_74-100x100.jpg 100w, https:\/\/www.editionkeiper.at\/shop\/wp-content\/uploads\/2018\/04\/Verlag_Keiper_25_StundenLesung_LeserInnen_Literatur_Graz_74-120x120.jpg 120w\" \/><\/a>\n\t\t\t<\/dt><\/dl><br style=\"clear: both\" \/><dl class='gallery-item'>\n\t\t\t<dt class='gallery-icon landscape'>\n\t\t\t\t<a href='https:\/\/www.editionkeiper.at\/shop\/wp-content\/uploads\/2018\/04\/Verlag_Keiper_25_StundenLesung_LeserInnen_Literatur_Graz_75.jpg'><img loading=\"lazy\" loading=\"lazy\" decoding=\"async\" width=\"150\" height=\"150\" src=\"https:\/\/www.editionkeiper.at\/shop\/wp-content\/uploads\/xstore\/xstore-placeholder-10x10.png\" class=\"attachment-thumbnail size-thumbnail lazyload lazyload-simple et-lazyload-fadeIn\" alt=\"\" sizes=\"auto, (max-width: 150px) 100vw, 150px\" data-src=\"https:\/\/www.editionkeiper.at\/shop\/wp-content\/uploads\/2018\/04\/Verlag_Keiper_25_StundenLesung_LeserInnen_Literatur_Graz_75-150x150.jpg\" data-srcset=\"https:\/\/www.editionkeiper.at\/shop\/wp-content\/uploads\/2018\/04\/Verlag_Keiper_25_StundenLesung_LeserInnen_Literatur_Graz_75-150x150.jpg 150w, https:\/\/www.editionkeiper.at\/shop\/wp-content\/uploads\/2018\/04\/Verlag_Keiper_25_StundenLesung_LeserInnen_Literatur_Graz_75-100x100.jpg 100w, https:\/\/www.editionkeiper.at\/shop\/wp-content\/uploads\/2018\/04\/Verlag_Keiper_25_StundenLesung_LeserInnen_Literatur_Graz_75-120x120.jpg 120w\" \/><\/a>\n\t\t\t<\/dt><\/dl><dl class='gallery-item'>\n\t\t\t<dt class='gallery-icon landscape'>\n\t\t\t\t<a href='https:\/\/www.editionkeiper.at\/shop\/wp-content\/uploads\/2018\/04\/Verlag_Keiper_25_StundenLesung_LeserInnen_Literatur_Graz_76.jpg'><img loading=\"lazy\" loading=\"lazy\" decoding=\"async\" width=\"150\" height=\"150\" src=\"https:\/\/www.editionkeiper.at\/shop\/wp-content\/uploads\/xstore\/xstore-placeholder-10x10.png\" class=\"attachment-thumbnail size-thumbnail lazyload lazyload-simple et-lazyload-fadeIn\" alt=\"\" sizes=\"auto, (max-width: 150px) 100vw, 150px\" data-src=\"https:\/\/www.editionkeiper.at\/shop\/wp-content\/uploads\/2018\/04\/Verlag_Keiper_25_StundenLesung_LeserInnen_Literatur_Graz_76-150x150.jpg\" data-srcset=\"https:\/\/www.editionkeiper.at\/shop\/wp-content\/uploads\/2018\/04\/Verlag_Keiper_25_StundenLesung_LeserInnen_Literatur_Graz_76-150x150.jpg 150w, https:\/\/www.editionkeiper.at\/shop\/wp-content\/uploads\/2018\/04\/Verlag_Keiper_25_StundenLesung_LeserInnen_Literatur_Graz_76-100x100.jpg 100w, https:\/\/www.editionkeiper.at\/shop\/wp-content\/uploads\/2018\/04\/Verlag_Keiper_25_StundenLesung_LeserInnen_Literatur_Graz_76-120x120.jpg 120w\" \/><\/a>\n\t\t\t<\/dt><\/dl><dl class='gallery-item'>\n\t\t\t<dt class='gallery-icon landscape'>\n\t\t\t\t<a href='https:\/\/www.editionkeiper.at\/shop\/wp-content\/uploads\/2018\/04\/Verlag_Keiper_25_StundenLesung_LeserInnen_Literatur_Graz_77.jpg'><img loading=\"lazy\" loading=\"lazy\" decoding=\"async\" width=\"150\" height=\"150\" src=\"https:\/\/www.editionkeiper.at\/shop\/wp-content\/uploads\/xstore\/xstore-placeholder-10x10.png\" class=\"attachment-thumbnail size-thumbnail lazyload lazyload-simple et-lazyload-fadeIn\" alt=\"\" sizes=\"auto, (max-width: 150px) 100vw, 150px\" data-src=\"https:\/\/www.editionkeiper.at\/shop\/wp-content\/uploads\/2018\/04\/Verlag_Keiper_25_StundenLesung_LeserInnen_Literatur_Graz_77-150x150.jpg\" data-srcset=\"https:\/\/www.editionkeiper.at\/shop\/wp-content\/uploads\/2018\/04\/Verlag_Keiper_25_StundenLesung_LeserInnen_Literatur_Graz_77-150x150.jpg 150w, https:\/\/www.editionkeiper.at\/shop\/wp-content\/uploads\/2018\/04\/Verlag_Keiper_25_StundenLesung_LeserInnen_Literatur_Graz_77-100x100.jpg 100w, https:\/\/www.editionkeiper.at\/shop\/wp-content\/uploads\/2018\/04\/Verlag_Keiper_25_StundenLesung_LeserInnen_Literatur_Graz_77-120x120.jpg 120w\" \/><\/a>\n\t\t\t<\/dt><\/dl><dl class='gallery-item'>\n\t\t\t<dt class='gallery-icon landscape'>\n\t\t\t\t<a href='https:\/\/www.editionkeiper.at\/shop\/wp-content\/uploads\/2018\/04\/Verlag_Keiper_25_StundenLesung_LeserInnen_Literatur_Graz_78.jpg'><img loading=\"lazy\" loading=\"lazy\" decoding=\"async\" width=\"150\" height=\"150\" src=\"https:\/\/www.editionkeiper.at\/shop\/wp-content\/uploads\/xstore\/xstore-placeholder-10x10.png\" class=\"attachment-thumbnail size-thumbnail lazyload lazyload-simple et-lazyload-fadeIn\" alt=\"\" sizes=\"auto, (max-width: 150px) 100vw, 150px\" data-src=\"https:\/\/www.editionkeiper.at\/shop\/wp-content\/uploads\/2018\/04\/Verlag_Keiper_25_StundenLesung_LeserInnen_Literatur_Graz_78-150x150.jpg\" data-srcset=\"https:\/\/www.editionkeiper.at\/shop\/wp-content\/uploads\/2018\/04\/Verlag_Keiper_25_StundenLesung_LeserInnen_Literatur_Graz_78-150x150.jpg 150w, https:\/\/www.editionkeiper.at\/shop\/wp-content\/uploads\/2018\/04\/Verlag_Keiper_25_StundenLesung_LeserInnen_Literatur_Graz_78-100x100.jpg 100w, https:\/\/www.editionkeiper.at\/shop\/wp-content\/uploads\/2018\/04\/Verlag_Keiper_25_StundenLesung_LeserInnen_Literatur_Graz_78-120x120.jpg 120w\" \/><\/a>\n\t\t\t<\/dt><\/dl><br style=\"clear: both\" \/><dl class='gallery-item'>\n\t\t\t<dt class='gallery-icon landscape'>\n\t\t\t\t<a href='https:\/\/www.editionkeiper.at\/shop\/wp-content\/uploads\/2018\/04\/Verlag_Keiper_25_StundenLesung_LeserInnen_Literatur_Graz_79.jpg'><img loading=\"lazy\" loading=\"lazy\" decoding=\"async\" width=\"150\" height=\"150\" src=\"https:\/\/www.editionkeiper.at\/shop\/wp-content\/uploads\/xstore\/xstore-placeholder-10x10.png\" class=\"attachment-thumbnail size-thumbnail lazyload lazyload-simple et-lazyload-fadeIn\" alt=\"\" sizes=\"auto, (max-width: 150px) 100vw, 150px\" data-src=\"https:\/\/www.editionkeiper.at\/shop\/wp-content\/uploads\/2018\/04\/Verlag_Keiper_25_StundenLesung_LeserInnen_Literatur_Graz_79-150x150.jpg\" data-srcset=\"https:\/\/www.editionkeiper.at\/shop\/wp-content\/uploads\/2018\/04\/Verlag_Keiper_25_StundenLesung_LeserInnen_Literatur_Graz_79-150x150.jpg 150w, https:\/\/www.editionkeiper.at\/shop\/wp-content\/uploads\/2018\/04\/Verlag_Keiper_25_StundenLesung_LeserInnen_Literatur_Graz_79-100x100.jpg 100w, https:\/\/www.editionkeiper.at\/shop\/wp-content\/uploads\/2018\/04\/Verlag_Keiper_25_StundenLesung_LeserInnen_Literatur_Graz_79-120x120.jpg 120w\" \/><\/a>\n\t\t\t<\/dt><\/dl><dl class='gallery-item'>\n\t\t\t<dt class='gallery-icon landscape'>\n\t\t\t\t<a href='https:\/\/www.editionkeiper.at\/shop\/wp-content\/uploads\/2018\/04\/Verlag_Keiper_25_StundenLesung_LeserInnen_Literatur_Graz_80.jpg'><img loading=\"lazy\" loading=\"lazy\" decoding=\"async\" width=\"150\" height=\"150\" src=\"https:\/\/www.editionkeiper.at\/shop\/wp-content\/uploads\/xstore\/xstore-placeholder-10x10.png\" class=\"attachment-thumbnail size-thumbnail lazyload lazyload-simple et-lazyload-fadeIn\" alt=\"\" sizes=\"auto, (max-width: 150px) 100vw, 150px\" data-src=\"https:\/\/www.editionkeiper.at\/shop\/wp-content\/uploads\/2018\/04\/Verlag_Keiper_25_StundenLesung_LeserInnen_Literatur_Graz_80-150x150.jpg\" data-srcset=\"https:\/\/www.editionkeiper.at\/shop\/wp-content\/uploads\/2018\/04\/Verlag_Keiper_25_StundenLesung_LeserInnen_Literatur_Graz_80-150x150.jpg 150w, https:\/\/www.editionkeiper.at\/shop\/wp-content\/uploads\/2018\/04\/Verlag_Keiper_25_StundenLesung_LeserInnen_Literatur_Graz_80-100x100.jpg 100w, https:\/\/www.editionkeiper.at\/shop\/wp-content\/uploads\/2018\/04\/Verlag_Keiper_25_StundenLesung_LeserInnen_Literatur_Graz_80-120x120.jpg 120w\" \/><\/a>\n\t\t\t<\/dt><\/dl><dl class='gallery-item'>\n\t\t\t<dt class='gallery-icon landscape'>\n\t\t\t\t<a href='https:\/\/www.editionkeiper.at\/shop\/wp-content\/uploads\/2018\/04\/Verlag_Keiper_25_StundenLesung_LeserInnen_Literatur_Graz_81.jpg'><img loading=\"lazy\" loading=\"lazy\" decoding=\"async\" width=\"150\" height=\"150\" src=\"https:\/\/www.editionkeiper.at\/shop\/wp-content\/uploads\/xstore\/xstore-placeholder-10x10.png\" class=\"attachment-thumbnail size-thumbnail lazyload lazyload-simple et-lazyload-fadeIn\" alt=\"\" sizes=\"auto, (max-width: 150px) 100vw, 150px\" data-src=\"https:\/\/www.editionkeiper.at\/shop\/wp-content\/uploads\/2018\/04\/Verlag_Keiper_25_StundenLesung_LeserInnen_Literatur_Graz_81-150x150.jpg\" data-srcset=\"https:\/\/www.editionkeiper.at\/shop\/wp-content\/uploads\/2018\/04\/Verlag_Keiper_25_StundenLesung_LeserInnen_Literatur_Graz_81-150x150.jpg 150w, https:\/\/www.editionkeiper.at\/shop\/wp-content\/uploads\/2018\/04\/Verlag_Keiper_25_StundenLesung_LeserInnen_Literatur_Graz_81-100x100.jpg 100w, https:\/\/www.editionkeiper.at\/shop\/wp-content\/uploads\/2018\/04\/Verlag_Keiper_25_StundenLesung_LeserInnen_Literatur_Graz_81-120x120.jpg 120w\" \/><\/a>\n\t\t\t<\/dt><\/dl><dl class='gallery-item'>\n\t\t\t<dt class='gallery-icon landscape'>\n\t\t\t\t<a href='https:\/\/www.editionkeiper.at\/shop\/wp-content\/uploads\/2018\/04\/Verlag_Keiper_25_StundenLesung_LeserInnen_Literatur_Graz_82.jpg'><img loading=\"lazy\" loading=\"lazy\" decoding=\"async\" width=\"150\" height=\"150\" src=\"https:\/\/www.editionkeiper.at\/shop\/wp-content\/uploads\/xstore\/xstore-placeholder-10x10.png\" class=\"attachment-thumbnail size-thumbnail lazyload lazyload-simple et-lazyload-fadeIn\" alt=\"\" sizes=\"auto, (max-width: 150px) 100vw, 150px\" data-src=\"https:\/\/www.editionkeiper.at\/shop\/wp-content\/uploads\/2018\/04\/Verlag_Keiper_25_StundenLesung_LeserInnen_Literatur_Graz_82-150x150.jpg\" data-srcset=\"https:\/\/www.editionkeiper.at\/shop\/wp-content\/uploads\/2018\/04\/Verlag_Keiper_25_StundenLesung_LeserInnen_Literatur_Graz_82-150x150.jpg 150w, https:\/\/www.editionkeiper.at\/shop\/wp-content\/uploads\/2018\/04\/Verlag_Keiper_25_StundenLesung_LeserInnen_Literatur_Graz_82-100x100.jpg 100w, https:\/\/www.editionkeiper.at\/shop\/wp-content\/uploads\/2018\/04\/Verlag_Keiper_25_StundenLesung_LeserInnen_Literatur_Graz_82-120x120.jpg 120w\" \/><\/a>\n\t\t\t<\/dt><\/dl><br style=\"clear: both\" \/><dl class='gallery-item'>\n\t\t\t<dt class='gallery-icon landscape'>\n\t\t\t\t<a href='https:\/\/www.editionkeiper.at\/shop\/wp-content\/uploads\/2018\/04\/Verlag_Keiper_25_StundenLesung_LeserInnen_Literatur_Graz_83.jpg'><img loading=\"lazy\" loading=\"lazy\" decoding=\"async\" width=\"150\" height=\"150\" src=\"https:\/\/www.editionkeiper.at\/shop\/wp-content\/uploads\/xstore\/xstore-placeholder-10x10.png\" class=\"attachment-thumbnail size-thumbnail lazyload lazyload-simple et-lazyload-fadeIn\" alt=\"\" sizes=\"auto, (max-width: 150px) 100vw, 150px\" data-src=\"https:\/\/www.editionkeiper.at\/shop\/wp-content\/uploads\/2018\/04\/Verlag_Keiper_25_StundenLesung_LeserInnen_Literatur_Graz_83-150x150.jpg\" data-srcset=\"https:\/\/www.editionkeiper.at\/shop\/wp-content\/uploads\/2018\/04\/Verlag_Keiper_25_StundenLesung_LeserInnen_Literatur_Graz_83-150x150.jpg 150w, https:\/\/www.editionkeiper.at\/shop\/wp-content\/uploads\/2018\/04\/Verlag_Keiper_25_StundenLesung_LeserInnen_Literatur_Graz_83-100x100.jpg 100w, https:\/\/www.editionkeiper.at\/shop\/wp-content\/uploads\/2018\/04\/Verlag_Keiper_25_StundenLesung_LeserInnen_Literatur_Graz_83-120x120.jpg 120w\" \/><\/a>\n\t\t\t<\/dt><\/dl><dl class='gallery-item'>\n\t\t\t<dt class='gallery-icon landscape'>\n\t\t\t\t<a href='https:\/\/www.editionkeiper.at\/shop\/wp-content\/uploads\/2018\/04\/Verlag_Keiper_25_StundenLesung_LeserInnen_Literatur_Graz_84.jpg'><img loading=\"lazy\" loading=\"lazy\" decoding=\"async\" width=\"150\" height=\"150\" src=\"https:\/\/www.editionkeiper.at\/shop\/wp-content\/uploads\/xstore\/xstore-placeholder-10x10.png\" class=\"attachment-thumbnail size-thumbnail lazyload lazyload-simple et-lazyload-fadeIn\" alt=\"\" sizes=\"auto, (max-width: 150px) 100vw, 150px\" data-src=\"https:\/\/www.editionkeiper.at\/shop\/wp-content\/uploads\/2018\/04\/Verlag_Keiper_25_StundenLesung_LeserInnen_Literatur_Graz_84-150x150.jpg\" data-srcset=\"https:\/\/www.editionkeiper.at\/shop\/wp-content\/uploads\/2018\/04\/Verlag_Keiper_25_StundenLesung_LeserInnen_Literatur_Graz_84-150x150.jpg 150w, https:\/\/www.editionkeiper.at\/shop\/wp-content\/uploads\/2018\/04\/Verlag_Keiper_25_StundenLesung_LeserInnen_Literatur_Graz_84-100x100.jpg 100w, https:\/\/www.editionkeiper.at\/shop\/wp-content\/uploads\/2018\/04\/Verlag_Keiper_25_StundenLesung_LeserInnen_Literatur_Graz_84-120x120.jpg 120w\" \/><\/a>\n\t\t\t<\/dt><\/dl><dl class='gallery-item'>\n\t\t\t<dt class='gallery-icon landscape'>\n\t\t\t\t<a href='https:\/\/www.editionkeiper.at\/shop\/wp-content\/uploads\/2018\/04\/Verlag_Keiper_25_StundenLesung_LeserInnen_Literatur_Graz_85.jpg'><img loading=\"lazy\" loading=\"lazy\" decoding=\"async\" width=\"150\" height=\"150\" src=\"https:\/\/www.editionkeiper.at\/shop\/wp-content\/uploads\/xstore\/xstore-placeholder-10x10.png\" class=\"attachment-thumbnail size-thumbnail lazyload lazyload-simple et-lazyload-fadeIn\" alt=\"\" sizes=\"auto, (max-width: 150px) 100vw, 150px\" data-src=\"https:\/\/www.editionkeiper.at\/shop\/wp-content\/uploads\/2018\/04\/Verlag_Keiper_25_StundenLesung_LeserInnen_Literatur_Graz_85-150x150.jpg\" data-srcset=\"https:\/\/www.editionkeiper.at\/shop\/wp-content\/uploads\/2018\/04\/Verlag_Keiper_25_StundenLesung_LeserInnen_Literatur_Graz_85-150x150.jpg 150w, https:\/\/www.editionkeiper.at\/shop\/wp-content\/uploads\/2018\/04\/Verlag_Keiper_25_StundenLesung_LeserInnen_Literatur_Graz_85-100x100.jpg 100w, https:\/\/www.editionkeiper.at\/shop\/wp-content\/uploads\/2018\/04\/Verlag_Keiper_25_StundenLesung_LeserInnen_Literatur_Graz_85-120x120.jpg 120w\" \/><\/a>\n\t\t\t<\/dt><\/dl><dl class='gallery-item'>\n\t\t\t<dt class='gallery-icon landscape'>\n\t\t\t\t<a href='https:\/\/www.editionkeiper.at\/shop\/wp-content\/uploads\/2018\/04\/Verlag_Keiper_25_StundenLesung_LeserInnen_Literatur_Graz_86.jpg'><img loading=\"lazy\" loading=\"lazy\" decoding=\"async\" width=\"150\" height=\"150\" src=\"https:\/\/www.editionkeiper.at\/shop\/wp-content\/uploads\/xstore\/xstore-placeholder-10x10.png\" class=\"attachment-thumbnail size-thumbnail lazyload lazyload-simple et-lazyload-fadeIn\" alt=\"\" sizes=\"auto, (max-width: 150px) 100vw, 150px\" data-src=\"https:\/\/www.editionkeiper.at\/shop\/wp-content\/uploads\/2018\/04\/Verlag_Keiper_25_StundenLesung_LeserInnen_Literatur_Graz_86-150x150.jpg\" data-srcset=\"https:\/\/www.editionkeiper.at\/shop\/wp-content\/uploads\/2018\/04\/Verlag_Keiper_25_StundenLesung_LeserInnen_Literatur_Graz_86-150x150.jpg 150w, https:\/\/www.editionkeiper.at\/shop\/wp-content\/uploads\/2018\/04\/Verlag_Keiper_25_StundenLesung_LeserInnen_Literatur_Graz_86-100x100.jpg 100w, https:\/\/www.editionkeiper.at\/shop\/wp-content\/uploads\/2018\/04\/Verlag_Keiper_25_StundenLesung_LeserInnen_Literatur_Graz_86-120x120.jpg 120w\" \/><\/a>\n\t\t\t<\/dt><\/dl><br style=\"clear: both\" \/>\n\t\t<\/div>\n\n<p>&#8212;<\/p>\n<p>Fotos: \u00a9 Ulrike Rauch (wenn im Dateinamen angegeben)<br \/>\n Weitere Fotos: Hronovsky-Ortner<\/p>\n","protected":false},"excerpt":{"rendered":"<p>Die edition keiper feierte Geburtstag, feierte die B\u00fccher, das Lesen, die Leser\/innen &#8230; 200 B\u00fccher mit \u00fcber 36.000 Buchseiten wurden in den letzten zehn Jahren&#8230;<\/p>\n","protected":false},"author":4,"featured_media":3583,"comment_status":"closed","ping_status":"closed","sticky":false,"template":"","format":"standard","meta":{"footnotes":""},"categories":[1373],"tags":[],"yst_prominent_words":[],"class_list":["post-3568","post","type-post","status-publish","format-standard","has-post-thumbnail","hentry","category-nachlese"],"_links":{"self":[{"href":"https:\/\/www.editionkeiper.at\/shop\/wp-json\/wp\/v2\/posts\/3568","targetHints":{"allow":["GET"]}}],"collection":[{"href":"https:\/\/www.editionkeiper.at\/shop\/wp-json\/wp\/v2\/posts"}],"about":[{"href":"https:\/\/www.editionkeiper.at\/shop\/wp-json\/wp\/v2\/types\/post"}],"author":[{"embeddable":true,"href":"https:\/\/www.editionkeiper.at\/shop\/wp-json\/wp\/v2\/users\/4"}],"replies":[{"embeddable":true,"href":"https:\/\/www.editionkeiper.at\/shop\/wp-json\/wp\/v2\/comments?post=3568"}],"version-history":[{"count":0,"href":"https:\/\/www.editionkeiper.at\/shop\/wp-json\/wp\/v2\/posts\/3568\/revisions"}],"wp:featuredmedia":[{"embeddable":true,"href":"https:\/\/www.editionkeiper.at\/shop\/wp-json\/wp\/v2\/media\/3583"}],"wp:attachment":[{"href":"https:\/\/www.editionkeiper.at\/shop\/wp-json\/wp\/v2\/media?parent=3568"}],"wp:term":[{"taxonomy":"category","embeddable":true,"href":"https:\/\/www.editionkeiper.at\/shop\/wp-json\/wp\/v2\/categories?post=3568"},{"taxonomy":"post_tag","embeddable":true,"href":"https:\/\/www.editionkeiper.at\/shop\/wp-json\/wp\/v2\/tags?post=3568"},{"taxonomy":"yst_prominent_words","embeddable":true,"href":"https:\/\/www.editionkeiper.at\/shop\/wp-json\/wp\/v2\/yst_prominent_words?post=3568"}],"curies":[{"name":"wp","href":"https:\/\/api.w.org\/{rel}","templated":true}]}}